{"id":242304,"date":"2021-08-31T12:43:35","date_gmt":"2021-08-31T09:43:35","guid":{"rendered":"http:\/\/107.6.182.27\/tr\/?p=242304"},"modified":"2021-09-01T08:08:54","modified_gmt":"2021-09-01T05:08:54","slug":"dsg-milisleri-kamislinin-tay-mahallesindeki-idari-kadrolarin-okullara-girmesini-engelledi","status":"publish","type":"post","link":"https:\/\/archive.sana.sy\/tr\/?p=242304","title":{"rendered":"DSG Milisleri, Kam\u0131\u015fl\u0131&#8217;n\u0131n Tay Mahallesindeki \u0130dari Kadrolar\u0131n Okullara Girmesini Engelledi"},"content":{"rendered":"<p>HASEKE \u2013 Amerikan \u0130\u015fgal g\u00fc\u00e7leri taraf\u0131ndan desteklenen \u201cDSG\u201d milisleri, Suriye\u2019nin El Cezire b\u00f6lgesinde \u00a0kontrol etti\u011fi b\u00f6lgelerde halka y\u00f6nelik ter\u00f6r uygulamalar\u0131 ba\u011flam\u0131nda, Kam\u0131\u015fl\u0131 kentinin Tay mahallesindeki idari ve e\u011fitim kadrolar\u0131n\u0131n okullara girmesini engelledi.<\/p>\n<p>Haseke E\u011fitim M\u00fcd\u00fcr\u00fc Elham Surhan SANA muhabirine yapt\u0131\u011f\u0131 a\u00e7\u0131klamada, &#8220;DSG&#8221; milis devriyelerinin, idari ve e\u011fitim kadrolar\u0131n\u0131n Kam\u0131\u015fl\u0131&#8217;n\u0131n Tay mahallesindeki \u0130bn Sina Lisesi ile Gazze ve Faysal Hassi ilk okullar\u0131na girmelerini engelledi\u011fini belirtti.<\/p>\n","protected":false},"excerpt":{"rendered":"<p>HASEKE \u2013 Amerikan \u0130\u015fgal g\u00fc\u00e7leri taraf\u0131ndan desteklenen \u201cDSG\u201d milisleri, Suriye\u2019nin El Cezire b\u00f6lgesinde \u00a0kontrol etti\u011fi b\u00f6lgelerde halka y\u00f6nelik ter\u00f6r uygulamalar\u0131 ba\u011flam\u0131nda, Kam\u0131\u015fl\u0131 kentinin Tay mahallesindeki idari ve e\u011fitim kadrolar\u0131n\u0131n okullara girmesini engelledi. Haseke E\u011fitim M\u00fcd\u00fcr\u00fc Elham Surhan SANA muhabirine yapt\u0131\u011f\u0131 a\u00e7\u0131klamada, &#8220;DSG&#8221; milis devriyelerinin, idari ve e\u011fitim kadrolar\u0131n\u0131n Kam\u0131\u015fl\u0131&#8217;n\u0131n Tay mahallesindeki \u0130bn Sina Lisesi ile &hellip;<\/p>\n","protected":false},"author":36,"featured_media":242306,"comment_status":"closed","ping_status":"closed","sticky":false,"template":"","format":"standard","meta":{"footnotes":""},"categories":[479,575,17988,478],"tags":[],"class_list":["post-242304","post","type-post","status-publish","format-standard","has-post-thumbnail","","category-haberler-yerel","category-olaylar-ve-gercekler","category-son-haberler","category-yerel"],"_links":{"self":[{"href":"https:\/\/archive.sana.sy\/tr\/index.php?rest_route=\/wp\/v2\/posts\/242304","targetHints":{"allow":["GET"]}}],"collection":[{"href":"https:\/\/archive.sana.sy\/tr\/index.php?rest_route=\/wp\/v2\/posts"}],"about":[{"href":"https:\/\/archive.sana.sy\/tr\/index.php?rest_route=\/wp\/v2\/types\/post"}],"author":[{"embeddable":true,"href":"https:\/\/archive.sana.sy\/tr\/index.php?rest_route=\/wp\/v2\/users\/36"}],"replies":[{"embeddable":true,"href":"https:\/\/archive.sana.sy\/tr\/index.php?rest_route=%2Fwp%2Fv2%2Fcomments&post=242304"}],"version-history":[{"count":0,"href":"https:\/\/archive.sana.sy\/tr\/index.php?rest_route=\/wp\/v2\/posts\/242304\/revisions"}],"wp:featuredmedia":[{"embeddable":true,"href":"https:\/\/archive.sana.sy\/tr\/index.php?rest_route=\/wp\/v2\/media\/242306"}],"wp:attachment":[{"href":"https:\/\/archive.sana.sy\/tr\/index.php?rest_route=%2Fwp%2Fv2%2Fmedia&parent=242304"}],"wp:term":[{"taxonomy":"category","embeddable":true,"href":"https:\/\/archive.sana.sy\/tr\/index.php?rest_route=%2Fwp%2Fv2%2Fcategories&post=242304"},{"taxonomy":"post_tag","embeddable":true,"href":"https:\/\/archive.sana.sy\/tr\/index.php?rest_route=%2Fwp%2Fv2%2Ftags&post=242304"}],"curies":[{"name":"wp","href":"https:\/\/api.w.org\/{rel}","templated":true}]}}