{"id":242316,"date":"2021-08-31T22:46:40","date_gmt":"2021-08-31T19:46:40","guid":{"rendered":"http:\/\/107.6.182.27\/tr\/?p=242316"},"modified":"2021-09-01T08:11:01","modified_gmt":"2021-09-01T05:11:01","slug":"amerikan-isgali-haseke-kirsalindaki-uslerine-lojistik-muhimmat-ve-malzemeler-dolu-konvoy-gecirdi","status":"publish","type":"post","link":"https:\/\/archive.sana.sy\/tr\/?p=242316","title":{"rendered":"Amerikan \u0130\u015fgali Haseke K\u0131rsal\u0131ndaki \u00dcslerine Lojistik M\u00fchimmat ve Malzemeler Dolu Konvoy Ge\u00e7irdi"},"content":{"rendered":"<p style=\"text-align: justify;\">HASEKE &#8211; Amerikan i\u015fgal g\u00fc\u00e7leri, getirerek Suriye topraklar\u0131n\u0131n egemenli\u011fini ihlal etmeye devam ederek, Suriye topraklar\u0131ndaki \u00fcslerini desteklemek i\u00e7in lojistik m\u00fchimmat ve malzeme y\u00fckl\u00fc bir konvoyu Irak&#8217;la yasad\u0131\u015f\u0131 El Velid ge\u00e7idi \u00fczerinden ge\u00e7irdi.<\/p>\n<p style=\"text-align: justify;\">Yarubiyah k\u0131rsal\u0131ndan yerel kaynaklar SANA muhabirine verdi\u011fi deme\u00e7te, y\u00fckl\u00fc ve kapal\u0131 kamyonlar ile m\u00fchimmat sand\u0131klar\u0131 ve t\u0131rlar\u0131n bulundu\u011fu 24 ara\u00e7l\u0131k bir konvoyu Al Velid s\u0131n\u0131r kap\u0131s\u0131ndan Suriye topraklar\u0131na girdi\u011fini ve Haseke k\u0131rsal\u0131ndaki Kam\u0131\u015fl\u0131&#8217;n\u0131n 70 kilometre do\u011fusundaki Rumeylan kentine y\u00f6neldi\u011fini s\u00f6yledi.<\/p>\n<p style=\"text-align: justify;\">\n","protected":false},"excerpt":{"rendered":"<p>HASEKE &#8211; Amerikan i\u015fgal g\u00fc\u00e7leri, getirerek Suriye topraklar\u0131n\u0131n egemenli\u011fini ihlal etmeye devam ederek, Suriye topraklar\u0131ndaki \u00fcslerini desteklemek i\u00e7in lojistik m\u00fchimmat ve malzeme y\u00fckl\u00fc bir konvoyu Irak&#8217;la yasad\u0131\u015f\u0131 El Velid ge\u00e7idi \u00fczerinden ge\u00e7irdi. Yarubiyah k\u0131rsal\u0131ndan yerel kaynaklar SANA muhabirine verdi\u011fi deme\u00e7te, y\u00fckl\u00fc ve kapal\u0131 kamyonlar ile m\u00fchimmat sand\u0131klar\u0131 ve t\u0131rlar\u0131n bulundu\u011fu 24 ara\u00e7l\u0131k bir konvoyu Al &hellip;<\/p>\n","protected":false},"author":1,"featured_media":242317,"comment_status":"closed","ping_status":"closed","sticky":false,"template":"","format":"standard","meta":{"footnotes":""},"categories":[479,575,17988,478],"tags":[],"class_list":["post-242316","post","type-post","status-publish","format-standard","has-post-thumbnail","","category-haberler-yerel","category-olaylar-ve-gercekler","category-son-haberler","category-yerel"],"_links":{"self":[{"href":"https:\/\/archive.sana.sy\/tr\/index.php?rest_route=\/wp\/v2\/posts\/242316","targetHints":{"allow":["GET"]}}],"collection":[{"href":"https:\/\/archive.sana.sy\/tr\/index.php?rest_route=\/wp\/v2\/posts"}],"about":[{"href":"https:\/\/archive.sana.sy\/tr\/index.php?rest_route=\/wp\/v2\/types\/post"}],"author":[{"embeddable":true,"href":"https:\/\/archive.sana.sy\/tr\/index.php?rest_route=\/wp\/v2\/users\/1"}],"replies":[{"embeddable":true,"href":"https:\/\/archive.sana.sy\/tr\/index.php?rest_route=%2Fwp%2Fv2%2Fcomments&post=242316"}],"version-history":[{"count":0,"href":"https:\/\/archive.sana.sy\/tr\/index.php?rest_route=\/wp\/v2\/posts\/242316\/revisions"}],"wp:featuredmedia":[{"embeddable":true,"href":"https:\/\/archive.sana.sy\/tr\/index.php?rest_route=\/wp\/v2\/media\/242317"}],"wp:attachment":[{"href":"https:\/\/archive.sana.sy\/tr\/index.php?rest_route=%2Fwp%2Fv2%2Fmedia&parent=242316"}],"wp:term":[{"taxonomy":"category","embeddable":true,"href":"https:\/\/archive.sana.sy\/tr\/index.php?rest_route=%2Fwp%2Fv2%2Fcategories&post=242316"},{"taxonomy":"post_tag","embeddable":true,"href":"https:\/\/archive.sana.sy\/tr\/index.php?rest_route=%2Fwp%2Fv2%2Ftags&post=242316"}],"curies":[{"name":"wp","href":"https:\/\/api.w.org\/{rel}","templated":true}]}}