{"id":24233,"date":"2015-02-17T20:56:59","date_gmt":"2015-02-17T18:56:59","guid":{"rendered":"http:\/\/www.sana.sy\/tr\/?p=24233"},"modified":"2015-02-18T17:24:52","modified_gmt":"2015-02-18T15:24:52","slug":"halep-kirsalinda-bircok-koy-terorden-temizlendi","status":"publish","type":"post","link":"https:\/\/archive.sana.sy\/tr\/?p=24233","title":{"rendered":"Halep K\u0131rsal\u0131nda Bir\u00e7ok K\u00f6y Ter\u00f6rden Temizlendi"},"content":{"rendered":"<p>HALEP \u2013 Vatan koruyucular\u0131 ordu birliklerimiz Halep k\u0131rsal\u0131n\u0131n kuzeyi Deyr Zeytun, Kefartuna, Na\u015fkova, Tel Msaybin, Hardenin ve Rteyyan b\u00f6lgelerini tekfirci ve hain ter\u00f6r \u00e7etelerinden temizleyerek ahalinin can ve mal g\u00fcvenli\u011fini sa\u011flad\u0131.<\/p>\n<p>Askeri kaynak Halk Savunma G\u00fc\u00e7lerinin i\u015fbirli\u011fi ile d\u00fczenlenen nitelikli operasyonlar sonucunda temizlenen s\u00f6z konusu b\u00f6lgelerde y\u00fcksek say\u0131da ter\u00f6ristin \u00f6l\u00fc yaral\u0131 d\u00fc\u015f\u00fcr\u00fcld\u00fcklerini bir k\u0131sm\u0131n\u0131n T\u00fcrkiye&#8217;ye ka\u00e7t\u0131klar\u0131n\u0131 aktard\u0131.<\/p>\n<p>Kaynak ordu birliklerimize tabi bomba imha ekiplerinin ter\u00f6rden temizlenen b\u00f6lgelerde gaddar bubi tuzaklar\u0131n\u0131 etkile\u015ftirme amac\u0131yla tarama operasyonu ba\u015flatt\u0131klar\u0131n\u0131 aktard\u0131.<\/p>\n","protected":false},"excerpt":{"rendered":"<p>HALEP \u2013 Vatan koruyucular\u0131 ordu birliklerimiz Halep k\u0131rsal\u0131n\u0131n kuzeyi Deyr Zeytun, Kefartuna, Na\u015fkova, Tel Msaybin, Hardenin ve Rteyyan b\u00f6lgelerini tekfirci ve hain ter\u00f6r \u00e7etelerinden temizleyerek ahalinin can ve mal g\u00fcvenli\u011fini sa\u011flad\u0131. Askeri kaynak Halk Savunma G\u00fc\u00e7lerinin i\u015fbirli\u011fi ile d\u00fczenlenen nitelikli operasyonlar sonucunda temizlenen s\u00f6z konusu b\u00f6lgelerde y\u00fcksek say\u0131da ter\u00f6ristin \u00f6l\u00fc yaral\u0131 d\u00fc\u015f\u00fcr\u00fcld\u00fcklerini bir k\u0131sm\u0131n\u0131n T\u00fcrkiye&#8217;ye &hellip;<\/p>\n","protected":false},"author":1,"featured_media":24234,"comment_status":"closed","ping_status":"closed","sticky":false,"template":"","format":"standard","meta":{"footnotes":""},"categories":[575],"tags":[11597,11596,11601,11598,11599,11600],"class_list":["post-24233","post","type-post","status-publish","format-standard","has-post-thumbnail","","category-olaylar-ve-gercekler","tag-halep-vatan-koruyuculari-ordu-birliklerimiz-halep-kirsalinin-kuzeyi-deyr-zeytun","tag-halep-kirsalinda-bircok-koy-terorden-temizlendi","tag-hardenin-ve-rteyyan-bolgelerini-tekfirci-ve-hain-teror-cetelerinden-temizleyerek-ahalinin-can-ve-mal-guvenligini-sagladi","tag-kefartuna","tag-naskova","tag-tel-msaybin"],"_links":{"self":[{"href":"https:\/\/archive.sana.sy\/tr\/index.php?rest_route=\/wp\/v2\/posts\/24233","targetHints":{"allow":["GET"]}}],"collection":[{"href":"https:\/\/archive.sana.sy\/tr\/index.php?rest_route=\/wp\/v2\/posts"}],"about":[{"href":"https:\/\/archive.sana.sy\/tr\/index.php?rest_route=\/wp\/v2\/types\/post"}],"author":[{"embeddable":true,"href":"https:\/\/archive.sana.sy\/tr\/index.php?rest_route=\/wp\/v2\/users\/1"}],"replies":[{"embeddable":true,"href":"https:\/\/archive.sana.sy\/tr\/index.php?rest_route=%2Fwp%2Fv2%2Fcomments&post=24233"}],"version-history":[{"count":0,"href":"https:\/\/archive.sana.sy\/tr\/index.php?rest_route=\/wp\/v2\/posts\/24233\/revisions"}],"wp:featuredmedia":[{"embeddable":true,"href":"https:\/\/archive.sana.sy\/tr\/index.php?rest_route=\/wp\/v2\/media\/24234"}],"wp:attachment":[{"href":"https:\/\/archive.sana.sy\/tr\/index.php?rest_route=%2Fwp%2Fv2%2Fmedia&parent=24233"}],"wp:term":[{"taxonomy":"category","embeddable":true,"href":"https:\/\/archive.sana.sy\/tr\/index.php?rest_route=%2Fwp%2Fv2%2Fcategories&post=24233"},{"taxonomy":"post_tag","embeddable":true,"href":"https:\/\/archive.sana.sy\/tr\/index.php?rest_route=%2Fwp%2Fv2%2Ftags&post=24233"}],"curies":[{"name":"wp","href":"https:\/\/api.w.org\/{rel}","templated":true}]}}