{"id":242358,"date":"2021-09-01T12:45:57","date_gmt":"2021-09-01T09:45:57","guid":{"rendered":"http:\/\/107.6.182.27\/tr\/?p=242358"},"modified":"2021-09-02T08:21:21","modified_gmt":"2021-09-02T05:21:21","slug":"ameriken-isgal-gucleri-haseke-kirsalina-yeni-bir-konvoy-gecirdi","status":"publish","type":"post","link":"https:\/\/archive.sana.sy\/tr\/?p=242358","title":{"rendered":"Ameriken \u0130\u015fgal G\u00fc\u00e7leri, Haseke K\u0131rsal\u0131na Yeni Bir Konvoy Ge\u00e7irdi"},"content":{"rendered":"<p>HASEKE \u2013 Amerikan i\u015fgal g\u00fc\u00e7leri, Suriye topraklar\u0131ndaki yasad\u0131\u015f\u0131 \u00fcslerinde bulunan kuvvetlerini g\u00fc\u00e7lendirmek i\u00e7in, lojistik malzeme ve te\u00e7hizatlarla y\u00fckl\u00fc yeni bir konvoy ge\u00e7irdi.<\/p>\n<p>Yarubiye k\u0131rsal\u0131ndan yerel kaynaklar SANA muhabirine, Amerikan i\u015fgal g\u00fc\u00e7lerinin, d\u00f6rt tekerlekten \u00e7eki\u015fli ara\u00e7lar ta\u015f\u0131yan 30 kamyon, termokingleri ve tankerlerden olu\u015fan bir konvoyun, kuzey Irak&#8217;tan yasad\u0131\u015f\u0131 El Velid ge\u00e7idinden Haseke k\u0131rsal\u0131n\u0131n g\u00fcneyinde yer alan el \u015eeddadi b\u00f6lgesindeki i\u015fgel \u00fcss\u00fcne ge\u00e7irdi\u011fini belirtti.<\/p>\n","protected":false},"excerpt":{"rendered":"<p>HASEKE \u2013 Amerikan i\u015fgal g\u00fc\u00e7leri, Suriye topraklar\u0131ndaki yasad\u0131\u015f\u0131 \u00fcslerinde bulunan kuvvetlerini g\u00fc\u00e7lendirmek i\u00e7in, lojistik malzeme ve te\u00e7hizatlarla y\u00fckl\u00fc yeni bir konvoy ge\u00e7irdi. Yarubiye k\u0131rsal\u0131ndan yerel kaynaklar SANA muhabirine, Amerikan i\u015fgal g\u00fc\u00e7lerinin, d\u00f6rt tekerlekten \u00e7eki\u015fli ara\u00e7lar ta\u015f\u0131yan 30 kamyon, termokingleri ve tankerlerden olu\u015fan bir konvoyun, kuzey Irak&#8217;tan yasad\u0131\u015f\u0131 El Velid ge\u00e7idinden Haseke k\u0131rsal\u0131n\u0131n g\u00fcneyinde yer alan &hellip;<\/p>\n","protected":false},"author":36,"featured_media":242359,"comment_status":"closed","ping_status":"closed","sticky":false,"template":"","format":"standard","meta":{"footnotes":""},"categories":[479,575,17988,478],"tags":[],"class_list":["post-242358","post","type-post","status-publish","format-standard","has-post-thumbnail","","category-haberler-yerel","category-olaylar-ve-gercekler","category-son-haberler","category-yerel"],"_links":{"self":[{"href":"https:\/\/archive.sana.sy\/tr\/index.php?rest_route=\/wp\/v2\/posts\/242358","targetHints":{"allow":["GET"]}}],"collection":[{"href":"https:\/\/archive.sana.sy\/tr\/index.php?rest_route=\/wp\/v2\/posts"}],"about":[{"href":"https:\/\/archive.sana.sy\/tr\/index.php?rest_route=\/wp\/v2\/types\/post"}],"author":[{"embeddable":true,"href":"https:\/\/archive.sana.sy\/tr\/index.php?rest_route=\/wp\/v2\/users\/36"}],"replies":[{"embeddable":true,"href":"https:\/\/archive.sana.sy\/tr\/index.php?rest_route=%2Fwp%2Fv2%2Fcomments&post=242358"}],"version-history":[{"count":0,"href":"https:\/\/archive.sana.sy\/tr\/index.php?rest_route=\/wp\/v2\/posts\/242358\/revisions"}],"wp:featuredmedia":[{"embeddable":true,"href":"https:\/\/archive.sana.sy\/tr\/index.php?rest_route=\/wp\/v2\/media\/242359"}],"wp:attachment":[{"href":"https:\/\/archive.sana.sy\/tr\/index.php?rest_route=%2Fwp%2Fv2%2Fmedia&parent=242358"}],"wp:term":[{"taxonomy":"category","embeddable":true,"href":"https:\/\/archive.sana.sy\/tr\/index.php?rest_route=%2Fwp%2Fv2%2Fcategories&post=242358"},{"taxonomy":"post_tag","embeddable":true,"href":"https:\/\/archive.sana.sy\/tr\/index.php?rest_route=%2Fwp%2Fv2%2Ftags&post=242358"}],"curies":[{"name":"wp","href":"https:\/\/api.w.org\/{rel}","templated":true}]}}