{"id":24237,"date":"2015-02-18T11:03:27","date_gmt":"2015-02-18T09:03:27","guid":{"rendered":"http:\/\/www.sana.sy\/tr\/?p=24237"},"modified":"2015-02-18T11:03:27","modified_gmt":"2015-02-18T09:03:27","slug":"ala-suriyede-insani-sorunlarin-kaynagi-ve-sebebi-terordur","status":"publish","type":"post","link":"https:\/\/archive.sana.sy\/tr\/?p=24237","title":{"rendered":"Ala: Suriye&#8217;de \u0130nsani Sorunlar\u0131n Kayna\u011f\u0131 ve Sebebi Ter\u00f6rd\u00fcr"},"content":{"rendered":"<p>CENEVRE \u2013 Suriye&#8217;nin Cenevre\u2019deki Daimi BM Temsilcisi H\u00fcsamettin Ala; Suriyeli vatanda\u015flar\u0131n insani s\u0131k\u0131nt\u0131lar ya\u015famaya ba\u015flamalar\u0131n\u0131n tek sebebinin ter\u00f6r oldu\u011funu ifade etti.<\/p>\n<p>BM \u0130nsani Yard\u0131m Koordinasyon Ofisinin, bug\u00fcn Cenevre\u2019de BM Binas\u0131nda d\u00fczenledi\u011fi ola\u011fan toplant\u0131da beyan\u0131n\u0131 okuyan Ala; Suriye&#8217;de ya\u015fanan insani sorunlarla ilgili, insani sorunlar\u0131n kayna\u011f\u0131na ve nedenlerine dayanan yeni bir yakla\u015f\u0131m benimsenmesi talebinde bulundu.<\/p>\n<p>Ter\u00f6rle m\u00fccadele ve ter\u00f6re son verme karar\u0131 verilmesinin insani sorunlar\u0131n \u00e7\u00f6z\u00fcm\u00fcn\u00fcn ba\u015flang\u0131\u00e7 noktas\u0131n\u0131 te\u015fkil etti\u011fini dile getiren Ala; insani ihtiya\u00e7lar\u0131n, silahl\u0131 ter\u00f6r gruplar\u0131n\u0131n girdi\u011fi b\u00f6lgelerde ortaya \u00e7\u0131kt\u0131\u011f\u0131na dikkat \u00e7ekti.<\/p>\n<p>Silahl\u0131 ter\u00f6r gruplar\u0131n\u0131n uygulad\u0131\u011f\u0131 vah\u015feti BM Heyetinin Suriye&#8217;deki incelemeleri s\u0131ras\u0131nda haz\u0131rlad\u0131\u011f\u0131 belgelerle anlatan Ala; yakma, y\u0131kma, gasp etme, insanlar\u0131 evlerinden zorla \u00e7\u0131kartma, insanlar\u0131 canl\u0131 kalkan olarak kullanma gibi bir\u00e7ok vah\u015fi uygulamalarla birlikte insani yard\u0131m ve m\u00fcdahaleleri engelleme gibi faaliyetlerin t\u00fcm\u00fcn\u00fcn alt\u0131nda silahl\u0131 ter\u00f6r gruplar\u0131n\u0131n imzas\u0131n\u0131n bulundu\u011funu vurgulad\u0131.<\/p>\n<p>Suriye&#8217;de faaliyet g\u00f6steren BM\u2019ye ba\u011fl\u0131 insani yard\u0131m ajanslar\u0131n\u0131n yay\u0131nlad\u0131klar\u0131 beyan ve istatistiklerin h\u00fck\u00fcmetin insani yard\u0131m ula\u015ft\u0131rma \u00e7al\u0131\u015fmalar\u0131nda sergiledi\u011fi i\u015fbirli\u011fi hacmi ve sa\u011flad\u0131\u011f\u0131 kolayl\u0131klar\u0131 ortaya koydu\u011funu ifade eden Ala; insani sorunlar\u0131n \u00e7\u00f6z\u00fcm\u00fcn\u00fcn Suriye h\u00fck\u00fcmeti i\u00e7in \u00f6ncelikli ba\u015fl\u0131klar aras\u0131nda yer ald\u0131\u011f\u0131n\u0131 ibraz etti.<\/p>\n<p>F.B. &#8211; R.H.<\/p>\n","protected":false},"excerpt":{"rendered":"<p>CENEVRE \u2013 Suriye&#8217;nin Cenevre\u2019deki Daimi BM Temsilcisi H\u00fcsamettin Ala; Suriyeli vatanda\u015flar\u0131n insani s\u0131k\u0131nt\u0131lar ya\u015famaya ba\u015flamalar\u0131n\u0131n tek sebebinin ter\u00f6r oldu\u011funu ifade etti. BM \u0130nsani Yard\u0131m Koordinasyon Ofisinin, bug\u00fcn Cenevre\u2019de BM Binas\u0131nda d\u00fczenledi\u011fi ola\u011fan toplant\u0131da beyan\u0131n\u0131 okuyan Ala; Suriye&#8217;de ya\u015fanan insani sorunlarla ilgili, insani sorunlar\u0131n kayna\u011f\u0131na ve nedenlerine dayanan yeni bir yakla\u015f\u0131m benimsenmesi talebinde bulundu. Ter\u00f6rle m\u00fccadele &hellip;<\/p>\n","protected":false},"author":1,"featured_media":24238,"comment_status":"closed","ping_status":"closed","sticky":false,"template":"","format":"standard","meta":{"footnotes":""},"categories":[458,459,447],"tags":[11602],"class_list":["post-24237","post","type-post","status-publish","format-standard","has-post-thumbnail","","category-dunya1","category-haberler-arap-uluslararasi-politika","category-politika","tag-ala-suriyede-insani-sorunlarin-kaynagi-ve-sebebi-terordur-cenevre-suriyenin-cenevredeki-daimi-bm-temsilcisi-husamettin-ala-suriyeli-vatandaslarin-insani-sikintilar-yasamaya-basl"],"_links":{"self":[{"href":"https:\/\/archive.sana.sy\/tr\/index.php?rest_route=\/wp\/v2\/posts\/24237","targetHints":{"allow":["GET"]}}],"collection":[{"href":"https:\/\/archive.sana.sy\/tr\/index.php?rest_route=\/wp\/v2\/posts"}],"about":[{"href":"https:\/\/archive.sana.sy\/tr\/index.php?rest_route=\/wp\/v2\/types\/post"}],"author":[{"embeddable":true,"href":"https:\/\/archive.sana.sy\/tr\/index.php?rest_route=\/wp\/v2\/users\/1"}],"replies":[{"embeddable":true,"href":"https:\/\/archive.sana.sy\/tr\/index.php?rest_route=%2Fwp%2Fv2%2Fcomments&post=24237"}],"version-history":[{"count":0,"href":"https:\/\/archive.sana.sy\/tr\/index.php?rest_route=\/wp\/v2\/posts\/24237\/revisions"}],"wp:featuredmedia":[{"embeddable":true,"href":"https:\/\/archive.sana.sy\/tr\/index.php?rest_route=\/wp\/v2\/media\/24238"}],"wp:attachment":[{"href":"https:\/\/archive.sana.sy\/tr\/index.php?rest_route=%2Fwp%2Fv2%2Fmedia&parent=24237"}],"wp:term":[{"taxonomy":"category","embeddable":true,"href":"https:\/\/archive.sana.sy\/tr\/index.php?rest_route=%2Fwp%2Fv2%2Fcategories&post=24237"},{"taxonomy":"post_tag","embeddable":true,"href":"https:\/\/archive.sana.sy\/tr\/index.php?rest_route=%2Fwp%2Fv2%2Ftags&post=24237"}],"curies":[{"name":"wp","href":"https:\/\/api.w.org\/{rel}","templated":true}]}}