{"id":242375,"date":"2021-09-01T23:50:47","date_gmt":"2021-09-01T20:50:47","guid":{"rendered":"http:\/\/107.6.182.27\/tr\/?p=242375"},"modified":"2021-09-02T08:22:21","modified_gmt":"2021-09-02T05:22:21","slug":"hama-curin-koyu-bombalandi-1-kiz-cocugu-sehit-7-sivil-yarali","status":"publish","type":"post","link":"https:\/\/archive.sana.sy\/tr\/?p=242375","title":{"rendered":"Hama Curin K\u00f6y\u00fc Bombaland\u0131 1 K\u0131z \u00c7ocu\u011fu \u015eehit 7 Sivil Yaral\u0131"},"content":{"rendered":"<p style=\"text-align: justify;\">HAM &#8211; \u0130dlib&#8217;de yay\u0131lan ter\u00f6rist gruplar\u0131n Hama kuzeybat\u0131 k\u0131rsal\u0131na ba\u011fl\u0131 Curin k\u00f6y\u00fcne d\u00fczenledikleri sald\u0131r\u0131s\u0131 sonucunda bir k\u0131z \u00e7ocu\u011fu \u015fehit d\u00fc\u015ft\u00fc 7 sivil de yaraland\u0131.<\/p>\n<p style=\"text-align: justify;\">SANA Hama ili muhabiri, &#8220;Ter\u00f6rist &#8216;Nusra Cephesi&#8217; \u00f6rg\u00fct\u00fcne ba\u011fl\u0131 ter\u00f6r gruplar\u0131n\u0131n Hama&#8217;n\u0131n kuzeybat\u0131 k\u0131rsal\u0131ndaki Curin beldesini 25 roket mermisiyle bombalad\u0131\u011f\u0131n\u0131&#8221; belirtti.<\/p>\n<p style=\"text-align: justify;\">Al Sukaylbiyye Ulusal Hastanesi&#8217;ndeki bir t\u0131bbi kaynaktan naklen muhabir, sald\u0131r\u0131 sonucunda &#8220;bir k\u0131z\u0131n \u015fehit oldu\u011funu, 7 sivilin de muhtelif yerlerinden yaraland\u0131\u011f\u0131n\u0131&#8221; belirtti.<\/p>\n","protected":false},"excerpt":{"rendered":"<p>HAM &#8211; \u0130dlib&#8217;de yay\u0131lan ter\u00f6rist gruplar\u0131n Hama kuzeybat\u0131 k\u0131rsal\u0131na ba\u011fl\u0131 Curin k\u00f6y\u00fcne d\u00fczenledikleri sald\u0131r\u0131s\u0131 sonucunda bir k\u0131z \u00e7ocu\u011fu \u015fehit d\u00fc\u015ft\u00fc 7 sivil de yaraland\u0131. SANA Hama ili muhabiri, &#8220;Ter\u00f6rist &#8216;Nusra Cephesi&#8217; \u00f6rg\u00fct\u00fcne ba\u011fl\u0131 ter\u00f6r gruplar\u0131n\u0131n Hama&#8217;n\u0131n kuzeybat\u0131 k\u0131rsal\u0131ndaki Curin beldesini 25 roket mermisiyle bombalad\u0131\u011f\u0131n\u0131&#8221; belirtti. Al Sukaylbiyye Ulusal Hastanesi&#8217;ndeki bir t\u0131bbi kaynaktan naklen muhabir, sald\u0131r\u0131 &hellip;<\/p>\n","protected":false},"author":1,"featured_media":242376,"comment_status":"closed","ping_status":"closed","sticky":false,"template":"","format":"standard","meta":{"footnotes":""},"categories":[479,575,17988,478],"tags":[],"class_list":["post-242375","post","type-post","status-publish","format-standard","has-post-thumbnail","","category-haberler-yerel","category-olaylar-ve-gercekler","category-son-haberler","category-yerel"],"_links":{"self":[{"href":"https:\/\/archive.sana.sy\/tr\/index.php?rest_route=\/wp\/v2\/posts\/242375","targetHints":{"allow":["GET"]}}],"collection":[{"href":"https:\/\/archive.sana.sy\/tr\/index.php?rest_route=\/wp\/v2\/posts"}],"about":[{"href":"https:\/\/archive.sana.sy\/tr\/index.php?rest_route=\/wp\/v2\/types\/post"}],"author":[{"embeddable":true,"href":"https:\/\/archive.sana.sy\/tr\/index.php?rest_route=\/wp\/v2\/users\/1"}],"replies":[{"embeddable":true,"href":"https:\/\/archive.sana.sy\/tr\/index.php?rest_route=%2Fwp%2Fv2%2Fcomments&post=242375"}],"version-history":[{"count":0,"href":"https:\/\/archive.sana.sy\/tr\/index.php?rest_route=\/wp\/v2\/posts\/242375\/revisions"}],"wp:featuredmedia":[{"embeddable":true,"href":"https:\/\/archive.sana.sy\/tr\/index.php?rest_route=\/wp\/v2\/media\/242376"}],"wp:attachment":[{"href":"https:\/\/archive.sana.sy\/tr\/index.php?rest_route=%2Fwp%2Fv2%2Fmedia&parent=242375"}],"wp:term":[{"taxonomy":"category","embeddable":true,"href":"https:\/\/archive.sana.sy\/tr\/index.php?rest_route=%2Fwp%2Fv2%2Fcategories&post=242375"},{"taxonomy":"post_tag","embeddable":true,"href":"https:\/\/archive.sana.sy\/tr\/index.php?rest_route=%2Fwp%2Fv2%2Ftags&post=242375"}],"curies":[{"name":"wp","href":"https:\/\/api.w.org\/{rel}","templated":true}]}}