{"id":24248,"date":"2015-02-18T15:25:25","date_gmt":"2015-02-18T13:25:25","guid":{"rendered":"http:\/\/www.sana.sy\/tr\/?p=24248"},"modified":"2015-02-18T15:48:03","modified_gmt":"2015-02-18T13:48:03","slug":"halepte-operasyonlari-durdurma-karari-samda-ilan-edilecek","status":"publish","type":"post","link":"https:\/\/archive.sana.sy\/tr\/?p=24248","title":{"rendered":"Halep\u2019te Operasyonlar\u0131 Durdurma Karar\u0131 \u015eam\u2019da \u0130lan Edilecek"},"content":{"rendered":"<p>NEW YORK \u2013 Birle\u015fmi\u015f Milletler Suriye \u00f6zel temsilcisi Stafan de Mistura Suriye h\u00fck\u00fcmetinin Halep Kentinin tamam\u0131nda silahl\u0131 gruplara kar\u015f\u0131 hava top operasyonlar\u0131n\u0131 alt\u0131 hafta durdurmaya haz\u0131r oldu\u011funu ilan etti.<\/p>\n<p>G\u00fcvenlik Konseyinin d\u00fcn d\u00fczenledi\u011fi kapal\u0131 oturumda g\u00f6revindeki geli\u015fmelere ili\u015fkin sunum takdim etmesi ard\u0131ndan bas\u0131na a\u00e7\u0131klama yapan de Mistura; Suriye h\u00fck\u00fcmetinin Halep\u2019te hava ve top operasyonlar\u0131n\u0131 durdurmas\u0131n\u0131n \u015eam\u2019da ilan edilecek bir tarih ile ba\u015flayaca\u011f\u0131n\u0131 a\u00e7\u0131klad\u0131.<\/p>\n<p>De Mistura; \u2018silahl\u0131 muhalifler\u2019 olarak adland\u0131rd\u0131\u011f\u0131 taraflardan da roket, f\u00fcze ve havan sald\u0131r\u0131lar\u0131na son vermelerinin talep edilece\u011fini s\u00f6yledi.<\/p>\n<p>BM Suriye \u00f6zel temsilcisi de Mistura k\u0131sa bir s\u00fcre i\u00e7inde yeniden \u015eam\u2019a d\u00f6nece\u011fini a\u00e7\u0131klad\u0131.<\/p>\n<p>A.A. &#8211; M.M.<\/p>\n","protected":false},"excerpt":{"rendered":"<p>NEW YORK \u2013 Birle\u015fmi\u015f Milletler Suriye \u00f6zel temsilcisi Stafan de Mistura Suriye h\u00fck\u00fcmetinin Halep Kentinin tamam\u0131nda silahl\u0131 gruplara kar\u015f\u0131 hava top operasyonlar\u0131n\u0131 alt\u0131 hafta durdurmaya haz\u0131r oldu\u011funu ilan etti. G\u00fcvenlik Konseyinin d\u00fcn d\u00fczenledi\u011fi kapal\u0131 oturumda g\u00f6revindeki geli\u015fmelere ili\u015fkin sunum takdim etmesi ard\u0131ndan bas\u0131na a\u00e7\u0131klama yapan de Mistura; Suriye h\u00fck\u00fcmetinin Halep\u2019te hava ve top operasyonlar\u0131n\u0131 durdurmas\u0131n\u0131n &hellip;<\/p>\n","protected":false},"author":1,"featured_media":24249,"comment_status":"closed","ping_status":"closed","sticky":false,"template":"","format":"standard","meta":{"footnotes":""},"categories":[458,459,447],"tags":[11606,11607],"class_list":["post-24248","post","type-post","status-publish","format-standard","has-post-thumbnail","","category-dunya1","category-haberler-arap-uluslararasi-politika","category-politika","tag-halepte-operasyonlari-durdurma-karari-samda-ilan-edilecek","tag-new-york-birlesmis-milletler-suriye-ozel-temsilcisi-stafan-de-mistura-suriye-hukumetinin-halep-kentinin-tamaminda-silahli-gruplara-karsi-hava-top-operasyonlarini-alti-hafta-durdurmaya-hazir"],"_links":{"self":[{"href":"https:\/\/archive.sana.sy\/tr\/index.php?rest_route=\/wp\/v2\/posts\/24248","targetHints":{"allow":["GET"]}}],"collection":[{"href":"https:\/\/archive.sana.sy\/tr\/index.php?rest_route=\/wp\/v2\/posts"}],"about":[{"href":"https:\/\/archive.sana.sy\/tr\/index.php?rest_route=\/wp\/v2\/types\/post"}],"author":[{"embeddable":true,"href":"https:\/\/archive.sana.sy\/tr\/index.php?rest_route=\/wp\/v2\/users\/1"}],"replies":[{"embeddable":true,"href":"https:\/\/archive.sana.sy\/tr\/index.php?rest_route=%2Fwp%2Fv2%2Fcomments&post=24248"}],"version-history":[{"count":0,"href":"https:\/\/archive.sana.sy\/tr\/index.php?rest_route=\/wp\/v2\/posts\/24248\/revisions"}],"wp:featuredmedia":[{"embeddable":true,"href":"https:\/\/archive.sana.sy\/tr\/index.php?rest_route=\/wp\/v2\/media\/24249"}],"wp:attachment":[{"href":"https:\/\/archive.sana.sy\/tr\/index.php?rest_route=%2Fwp%2Fv2%2Fmedia&parent=24248"}],"wp:term":[{"taxonomy":"category","embeddable":true,"href":"https:\/\/archive.sana.sy\/tr\/index.php?rest_route=%2Fwp%2Fv2%2Fcategories&post=24248"},{"taxonomy":"post_tag","embeddable":true,"href":"https:\/\/archive.sana.sy\/tr\/index.php?rest_route=%2Fwp%2Fv2%2Ftags&post=24248"}],"curies":[{"name":"wp","href":"https:\/\/api.w.org\/{rel}","templated":true}]}}