{"id":24264,"date":"2015-02-18T17:17:46","date_gmt":"2015-02-18T15:17:46","guid":{"rendered":"http:\/\/www.sana.sy\/tr\/?p=24264"},"modified":"2015-02-18T17:17:46","modified_gmt":"2015-02-18T15:17:46","slug":"misirlilarin-idam-edilmeleri-arkasinda-abdli-cihazlar-var","status":"publish","type":"post","link":"https:\/\/archive.sana.sy\/tr\/?p=24264","title":{"rendered":"M\u0131s\u0131rl\u0131lar\u0131n \u0130dam Edilmeleri Arkas\u0131nda ABD\u2019li Cihazlar Var"},"content":{"rendered":"<p>TRABLUS \u2013 Libya Haber Ajans\u0131; I\u015e\u0130D \u00d6rg\u00fct\u00fcn\u00fcn Libya&#8217;da M\u0131s\u0131rl\u0131 21 vatanda\u015f\u0131 idam etme vah\u015fetinin arkas\u0131nda ABD\u2019li \u00fcst d\u00fczey cihazlar\u0131n bulundu\u011funu belirtti.<\/p>\n<p>Ajans Libyal\u0131 medya kaynaklar\u0131ndan naklen I\u015e\u0130D\u2019in M\u0131s\u0131rl\u0131 21 vatanda\u015f\u0131n bo\u011fazlar\u0131n\u0131 kesme eyleminin arkas\u0131nda ABD\u2019li y\u00fcksek d\u00fczeyli cihazlar\u0131n bulundu\u011funu kan\u0131tlayan bir\u00e7ok delilin mevcut oldu\u011funu ifade etti.<\/p>\n<p>M\u0131s\u0131rl\u0131 vatanda\u015flar\u0131n bo\u011fazlar\u0131n\u0131n kesildi\u011fi b\u00f6lgenin NATO g\u00fc\u00e7lerinin g\u00f6zetimi alt\u0131nda oldu\u011funa dikkat \u00e7ekilen haberde NATO ve ABD g\u00fc\u00e7lerinin bu vah\u015feti g\u00f6rmemelerinin mant\u0131ks\u0131zl\u0131\u011f\u0131na i\u015faret edildi.<\/p>\n","protected":false},"excerpt":{"rendered":"<p>TRABLUS \u2013 Libya Haber Ajans\u0131; I\u015e\u0130D \u00d6rg\u00fct\u00fcn\u00fcn Libya&#8217;da M\u0131s\u0131rl\u0131 21 vatanda\u015f\u0131 idam etme vah\u015fetinin arkas\u0131nda ABD\u2019li \u00fcst d\u00fczey cihazlar\u0131n bulundu\u011funu belirtti. Ajans Libyal\u0131 medya kaynaklar\u0131ndan naklen I\u015e\u0130D\u2019in M\u0131s\u0131rl\u0131 21 vatanda\u015f\u0131n bo\u011fazlar\u0131n\u0131 kesme eyleminin arkas\u0131nda ABD\u2019li y\u00fcksek d\u00fczeyli cihazlar\u0131n bulundu\u011funu kan\u0131tlayan bir\u00e7ok delilin mevcut oldu\u011funu ifade etti. M\u0131s\u0131rl\u0131 vatanda\u015flar\u0131n bo\u011fazlar\u0131n\u0131n kesildi\u011fi b\u00f6lgenin NATO g\u00fc\u00e7lerinin g\u00f6zetimi alt\u0131nda &hellip;<\/p>\n","protected":false},"author":1,"featured_media":24265,"comment_status":"closed","ping_status":"closed","sticky":false,"template":"","format":"standard","meta":{"footnotes":""},"categories":[458,459,447],"tags":[],"class_list":["post-24264","post","type-post","status-publish","format-standard","has-post-thumbnail","","category-dunya1","category-haberler-arap-uluslararasi-politika","category-politika"],"_links":{"self":[{"href":"https:\/\/archive.sana.sy\/tr\/index.php?rest_route=\/wp\/v2\/posts\/24264","targetHints":{"allow":["GET"]}}],"collection":[{"href":"https:\/\/archive.sana.sy\/tr\/index.php?rest_route=\/wp\/v2\/posts"}],"about":[{"href":"https:\/\/archive.sana.sy\/tr\/index.php?rest_route=\/wp\/v2\/types\/post"}],"author":[{"embeddable":true,"href":"https:\/\/archive.sana.sy\/tr\/index.php?rest_route=\/wp\/v2\/users\/1"}],"replies":[{"embeddable":true,"href":"https:\/\/archive.sana.sy\/tr\/index.php?rest_route=%2Fwp%2Fv2%2Fcomments&post=24264"}],"version-history":[{"count":0,"href":"https:\/\/archive.sana.sy\/tr\/index.php?rest_route=\/wp\/v2\/posts\/24264\/revisions"}],"wp:featuredmedia":[{"embeddable":true,"href":"https:\/\/archive.sana.sy\/tr\/index.php?rest_route=\/wp\/v2\/media\/24265"}],"wp:attachment":[{"href":"https:\/\/archive.sana.sy\/tr\/index.php?rest_route=%2Fwp%2Fv2%2Fmedia&parent=24264"}],"wp:term":[{"taxonomy":"category","embeddable":true,"href":"https:\/\/archive.sana.sy\/tr\/index.php?rest_route=%2Fwp%2Fv2%2Fcategories&post=24264"},{"taxonomy":"post_tag","embeddable":true,"href":"https:\/\/archive.sana.sy\/tr\/index.php?rest_route=%2Fwp%2Fv2%2Ftags&post=24264"}],"curies":[{"name":"wp","href":"https:\/\/api.w.org\/{rel}","templated":true}]}}