{"id":24267,"date":"2015-02-18T17:30:37","date_gmt":"2015-02-18T15:30:37","guid":{"rendered":"http:\/\/www.sana.sy\/tr\/?p=24267"},"modified":"2015-02-19T18:24:30","modified_gmt":"2015-02-19T16:24:30","slug":"terore-karsi-operasyonlar-stratejik-bolgelerde-yogunlastiriliyor","status":"publish","type":"post","link":"https:\/\/archive.sana.sy\/tr\/?p=24267","title":{"rendered":"Ter\u00f6re Kar\u015f\u0131 Operasyonlar Stratejik B\u00f6lgelerde Yo\u011funla\u015ft\u0131r\u0131l\u0131yor"},"content":{"rendered":"<p>\u0130LLER \u2013 Ter\u00f6rle m\u00fccadele operasyonlar\u0131n\u0131 ba\u015far\u0131yla s\u00fcrd\u00fcren kahraman birliklerimiz \u015eam, Hama, Homs, Lazkiye, Kunaytra ve \u0130dlib K\u0131rsallar\u0131nda aralar\u0131nda yabanc\u0131 uyruklular da bulunan \u00e7ok say\u0131da ter\u00f6risti \u00f6l\u00fc ve yaral\u0131 olarak ele ge\u00e7irdiler.<\/p>\n<p><span style=\"color: #0000ff\">\u00dcrd\u00fcn S\u0131n\u0131r\u0131ndan S\u0131zan Ter\u00f6ristlerin \u00d6beklendi\u011fi Siys Da\u011f\u0131nda Ter\u00f6re A\u011f\u0131r Darbeler \u0130ndirildi<\/span><\/p>\n<p>\u015eam K\u0131rsal\u0131n\u0131n Zuhur, Villat ve Sait caddelerinin yan\u0131 s\u0131ra Han el \u015eeyh tar\u0131m arazileri ve Ayn el Bostan K\u00f6y\u00fcnde d\u00fczenlenen operasyonlar sonucunda aralar\u0131nda Filistin, Libya, Yemen ve Tunus uyruklular da bulunan \u00e7ok say\u0131da ter\u00f6rist \u00f6l\u00fc olarak ele ge\u00e7irildi.<\/p>\n<p>\u015eam\u2019\u0131n bat\u0131 k\u0131rsal\u0131nda yer alan el Hibariye k\u00f6y\u00fc giri\u015finde bulunan ter\u00f6r yuvalar\u0131n\u0131n havadan bombaland\u0131\u011f\u0131 operasyonlarda Badiyet el \u015eam ve Burkaniye b\u00f6lgeleri aras\u0131nda yer alan Siys Da\u011f\u0131nda onlarca ter\u00f6rist \u00f6ld\u00fcr\u00fcld\u00fc.<\/p>\n<p>Yap\u0131lan a\u00e7\u0131klamada Siys da\u011f\u0131n\u0131n Horan da\u011f silsilesinin bir par\u00e7as\u0131 oldu\u011fu ve \u00dcrd\u00fcn s\u0131n\u0131r\u0131ndan s\u0131zan ter\u00f6ristlerin b\u00fcy\u00fck oranda burada \u00f6beklenmi\u015f oldu\u011fu belirtildi.<\/p>\n<p><span style=\"color: #0000ff\">Ter\u00f6ristler \u0130nsanl\u0131k D\u0131\u015f\u0131 \u0130simlendirmelerle Hakim Olduklar\u0131 B\u00f6lgelerde A\u011f\u0131r Kay\u0131plar Verdiler<\/span><\/p>\n<p>Hama K\u0131rsal\u0131nda d\u00fczenlenen bir dizi nitelikli operasyon sonucunda bir\u00e7ok ter\u00f6r yuvas\u0131 yok edilirken ter\u00f6ristlere ait b\u00fcy\u00fck miktarda silah ve m\u00fchimmat imha edildi.<\/p>\n<p>Selemiye Nahiyesine ba\u011fl\u0131 Ebu Habeylet k\u00f6y\u00fcnde d\u00fczenlenen operasyonlarda \u00e7ok say\u0131da ter\u00f6rist \u00f6l\u00fc ve yaral\u0131 d\u00fc\u015f\u00fcr\u00fcld\u00fc.<\/p>\n<p>Ter\u00f6ristlerin, vatanda\u015flar\u0131n m\u00fclklerini gasp etti\u011fi ve karanl\u0131k insanl\u0131k d\u0131\u015f\u0131 isimler alt\u0131nda h\u00e2kimiyetlerini ilan ettikleri; Dikeyla, Resm Katti\u015f ve Hamadi Amar k\u00f6ylerinde yo\u011fun bir \u015feklide s\u00fcren operasyonlarda ter\u00f6ristlere ait \u00e7ok say\u0131da silah ve m\u00fchimmat depolar\u0131 yok edildi. Ayr\u0131ca operasyonlar kapsam\u0131nda meydana gelen \u00e7at\u0131\u015fmalarda da \u00e7ok say\u0131da ter\u00f6rist ve eleba\u015flar\u0131 \u00f6ld\u00fc.<\/p>\n<p><span style=\"color: #0000ff\">Homs K\u0131rsal\u0131nda Ter\u00f6ristler En G\u00fc\u00e7l\u00fc Olduklar\u0131 B\u00f6lgede Darbe Ald\u0131lar<\/span><\/p>\n<p>Ordu birliklerimiz Homs k\u0131rsal\u0131nda tekfirci ter\u00f6ristlere ait envai \u00e7e\u015fit silah ve m\u00fchimmat\u0131 imha ettikleri operasyonlarda ayr\u0131ca I\u015e\u0130D ter\u00f6r \u00f6rg\u00fct\u00fcne ba\u011fl\u0131 \u00e7ok say\u0131da ter\u00f6risti \u00f6l\u00fc ve yaral\u0131 olarak ele ge\u00e7irdiler.<\/p>\n<p>Homs k\u0131rsal\u0131nda, I\u015e\u0130D ter\u00f6r \u00f6rg\u00fct\u00fcn\u00fcn en \u00f6nemli merkezlerinden say\u0131lan, Rakka il s\u0131n\u0131r\u0131na yak\u0131n Rahhum k\u00f6y\u00fcnde d\u00fczenlenen bir operasyonda bir\u00e7ok ter\u00f6rist \u00f6ld\u00fcr\u00fcld\u00fc.<\/p>\n<p>Ayr\u0131ca M\u015feyrfe, Ebu Havadit ve Tafha k\u00f6ylerinde d\u00fczenlenen operasyonlarda bir\u00e7ok ter\u00f6r grubu havzalar\u0131nda bulunan silah ve m\u00fchimmatla birlikte yok edildi.<\/p>\n<p><span style=\"color: #0000ff\">Lazkiye K\u0131rsal\u0131nda \u00d6beklenmeye \u00c7al\u0131\u015fan Ter\u00f6ristlerden Onlarcas\u0131 \u00d6ld\u00fcr\u00fcld\u00fc <\/span><\/p>\n<p>T\u00fcrkiye s\u0131n\u0131r\u0131ndan s\u0131zan ter\u00f6ristlerin \u00f6beklenmeye \u00e7al\u0131\u015ft\u0131\u011f\u0131 Lazkiye K\u0131rsal\u0131n\u0131n kuzeyinde ter\u00f6r yuvalar\u0131na ve ter\u00f6ristlere b\u00fcy\u00fck darbeler indirildi.<\/p>\n<p>Kensebe Nahiyesi yak\u0131nlar\u0131nda bulunan Ak\u00fc, Vadi Basur, Naciye k\u00f6yleri ve Halep-Lazkiye yolu \u00fczerinde s\u00fcren operasyonlar kapsam\u0131nda bir\u00e7ok ter\u00f6r yuvas\u0131 yok edildi.<\/p>\n<p>Ter\u00f6ristlere ait b\u00fcy\u00fck miktarda silah ve m\u00fchimmat\u0131n imha edildi\u011fi operasyonlar kapsam\u0131nda meydana gelen \u00e7at\u0131\u015fmalar sonucunda da onlarca ter\u00f6rist \u00f6l\u00fc ve yaral\u0131 olarak ele ge\u00e7irildi.<\/p>\n<p><span style=\"color: #0000ff\">Ter\u00f6ristlerle-\u0130srail Aras\u0131ndaki \u0130leti\u015fim-Sevkiyat Noktalar\u0131nda Operasyonlar Yo\u011funla\u015ft\u0131r\u0131ld\u0131<\/span><\/p>\n<p>Ter\u00f6re kar\u015f\u0131 operasyonlar\u0131n giderek yo\u011funla\u015ft\u0131\u011f\u0131 Kunaytra k\u0131rsal\u0131n\u0131n Dera y\u00f6n\u00fcnde uzanan \u015feridi \u00fczerinde bir\u00e7ok ter\u00f6r yuvas\u0131 yerle bir edildi.<\/p>\n<p>\u00c7ok say\u0131da ter\u00f6ristin \u00f6ld\u00fcr\u00fcld\u00fc\u011f\u00fc operasyonlarda ayr\u0131ca ter\u00f6ristlere ait b\u00fcy\u00fck miktarda silah ve m\u00fchimmat imha edildi. \u0130mha edilen silahlar aras\u0131nda a\u011f\u0131r silah olarak nitelendiren silahlar da bulunuyor.<\/p>\n<p>Ter\u00f6ristler taraf\u0131ndan tekrar tekrar sald\u0131r\u0131ya maruz kalan Bat\u0131 Hazzan el Samdaniye b\u00f6lgesinin bat\u0131 kesiminde d\u00fczenlenen operasyonlarda Nusra Cephesine ba\u011fl\u0131 \u00e7ok say\u0131da ter\u00f6rist \u00f6ld\u00fcr\u00fcld\u00fc ve farkl\u0131 ebat ve etkiye sahip b\u00fcy\u00fck miktarda silahlar\u0131 imha edildi.<\/p>\n<p>Ordu birliklerimiz Dera K\u0131rsal\u0131ndaki beldelere ula\u015fma noktas\u0131 olarak nitelendirilen G\u00fcney Tel Meshare b\u00f6lgesinde bulunan ter\u00f6r yuvalar\u0131 ve merkezlerine a\u011f\u0131r darbeler indirdi.<\/p>\n<p>Kunaytra k\u0131rsal\u0131nda yo\u011fun bir \u015fekilde devam eden operasyonlar\u0131n bir amac\u0131n\u0131n da silahl\u0131 ter\u00f6r gruplar\u0131 ile i\u015fgalci \u0130srail aras\u0131ndaki ileti\u015fim-sevkiyat noktalar\u0131n\u0131 kontrol alt\u0131na almak oldu\u011fu ifade edildi.<\/p>\n<p><span style=\"color: #0000ff\">\u0130dlib K\u0131rsal\u0131nda Karanl\u0131k Zul\u00fcm Ablukas\u0131nda Ter\u00f6ristler Ard\u0131 Ard\u0131na Hezimetler Ya\u015f\u0131yor<\/span><\/p>\n<p>\u0130dlib k\u0131rsal\u0131nda bulunan ter\u00f6r yuvalar\u0131 ve \u00f6rg\u00fctlerine y\u00f6nelik operasyonlar sonucunda Ebu Duhur ve di\u011fer b\u00f6lgelerde \u00e7ok say\u0131da ter\u00f6rist \u00f6ld\u00fcr\u00fcld\u00fc.<\/p>\n<p>\u0130ki g\u00fcnd\u00fcr Ebu Duhur, \u00dcm Ceriyn, Tel Selmo ve Hamdaniye b\u00f6lgelerinde yo\u011funla\u015fan operasyonlar sonucunda \u00e7ok say\u0131da ter\u00f6rist \u00f6ld\u00fcr\u00fcld\u00fc havzalar\u0131nda bulunan silah ve m\u00fchimmat imha edildi.<\/p>\n<p>Ebu el Duhur b\u00f6lgesini bir s\u00fcredir karanl\u0131k ve zul\u00fcm ablukas\u0131 alt\u0131na alan Nusra Cephesine ve Ahrar el \u015eam \u00f6rg\u00fctlerine ba\u011fl\u0131 ter\u00f6ristleri iki g\u00fcnd\u00fcr ordu birliklerimiz taraf\u0131ndan a\u011f\u0131r hezimetlere u\u011frat\u0131l\u0131yorlar.<\/p>\n<p>Cisr el \u015eu\u011fur b\u00f6lgesine ba\u011fl\u0131 Halelvez K\u00f6y\u00fcnde d\u00fczenlenen operasyonlarda \u00e7ok say\u0131da ter\u00f6rist \u00f6l\u00fc ve yaral\u0131 olarak ele ge\u00e7irilirken ter\u00f6ristlere ait b\u00fcy\u00fck miktarda silah ve m\u00fchimmat da imha edildi.<\/p>\n<p>F.B. &#8211; A.A.<\/p>\n","protected":false},"excerpt":{"rendered":"<p>\u0130LLER \u2013 Ter\u00f6rle m\u00fccadele operasyonlar\u0131n\u0131 ba\u015far\u0131yla s\u00fcrd\u00fcren kahraman birliklerimiz \u015eam, Hama, Homs, Lazkiye, Kunaytra ve \u0130dlib K\u0131rsallar\u0131nda aralar\u0131nda yabanc\u0131 uyruklular da bulunan \u00e7ok say\u0131da ter\u00f6risti \u00f6l\u00fc ve yaral\u0131 olarak ele ge\u00e7irdiler. \u00dcrd\u00fcn S\u0131n\u0131r\u0131ndan S\u0131zan Ter\u00f6ristlerin \u00d6beklendi\u011fi Siys Da\u011f\u0131nda Ter\u00f6re A\u011f\u0131r Darbeler \u0130ndirildi \u015eam K\u0131rsal\u0131n\u0131n Zuhur, Villat ve Sait caddelerinin yan\u0131 s\u0131ra Han el \u015eeyh tar\u0131m &hellip;<\/p>\n","protected":false},"author":1,"featured_media":24268,"comment_status":"closed","ping_status":"closed","sticky":false,"template":"","format":"standard","meta":{"footnotes":""},"categories":[575],"tags":[],"class_list":["post-24267","post","type-post","status-publish","format-standard","has-post-thumbnail","","category-olaylar-ve-gercekler"],"_links":{"self":[{"href":"https:\/\/archive.sana.sy\/tr\/index.php?rest_route=\/wp\/v2\/posts\/24267","targetHints":{"allow":["GET"]}}],"collection":[{"href":"https:\/\/archive.sana.sy\/tr\/index.php?rest_route=\/wp\/v2\/posts"}],"about":[{"href":"https:\/\/archive.sana.sy\/tr\/index.php?rest_route=\/wp\/v2\/types\/post"}],"author":[{"embeddable":true,"href":"https:\/\/archive.sana.sy\/tr\/index.php?rest_route=\/wp\/v2\/users\/1"}],"replies":[{"embeddable":true,"href":"https:\/\/archive.sana.sy\/tr\/index.php?rest_route=%2Fwp%2Fv2%2Fcomments&post=24267"}],"version-history":[{"count":0,"href":"https:\/\/archive.sana.sy\/tr\/index.php?rest_route=\/wp\/v2\/posts\/24267\/revisions"}],"wp:featuredmedia":[{"embeddable":true,"href":"https:\/\/archive.sana.sy\/tr\/index.php?rest_route=\/wp\/v2\/media\/24268"}],"wp:attachment":[{"href":"https:\/\/archive.sana.sy\/tr\/index.php?rest_route=%2Fwp%2Fv2%2Fmedia&parent=24267"}],"wp:term":[{"taxonomy":"category","embeddable":true,"href":"https:\/\/archive.sana.sy\/tr\/index.php?rest_route=%2Fwp%2Fv2%2Fcategories&post=24267"},{"taxonomy":"post_tag","embeddable":true,"href":"https:\/\/archive.sana.sy\/tr\/index.php?rest_route=%2Fwp%2Fv2%2Ftags&post=24267"}],"curies":[{"name":"wp","href":"https:\/\/api.w.org\/{rel}","templated":true}]}}