{"id":242675,"date":"2021-09-07T15:45:22","date_gmt":"2021-09-07T12:45:22","guid":{"rendered":"http:\/\/107.6.182.27\/tr\/?p=242675"},"modified":"2021-09-08T08:24:07","modified_gmt":"2021-09-08T05:24:07","slug":"isgalci-amerika-kamisli-kirsalinda-hava-indirme-hareketi-duzenledi-bazi-sivilleri-kacirdi","status":"publish","type":"post","link":"https:\/\/archive.sana.sy\/tr\/?p=242675","title":{"rendered":"\u0130\u015fgalci Amerika, Kam\u0131\u015fl\u0131 K\u0131rsal\u0131nda Hava \u0130ndirme Hareketi D\u00fczenledi Baz\u0131 Sivilleri Ka\u00e7\u0131rd\u0131"},"content":{"rendered":"<p style=\"text-align: justify;\">HASEKE &#8211; Amerikan i\u015fgal g\u00fc\u00e7leri, Kam\u0131\u015fl\u0131&#8217;n\u0131n g\u00fcney k\u0131rsal\u0131ndaki Tel Hamis yak\u0131nlar\u0131na havadan indirme hareketi d\u00fczenledi ve baz\u0131 sivilleri ka\u00e7\u0131rd\u0131.<\/p>\n<p style=\"text-align: justify;\">Yerel kaynaklar SANA&#8217;ya verdi\u011fi deme\u00e7te, son saatlerde bir ABD i\u015fgal helikopterinin, Kam\u0131\u015fl\u0131&#8217;n\u0131n g\u00fcneyindeki Tel Hamis il\u00e7esinin g\u00fcneyindeki Nafael k\u00f6y\u00fcnde ABD destekli &#8220;DSG&#8221; milislerinden silahl\u0131 bir grubunun deste\u011fiyle bir hava indirme hareketi d\u00fczenledi\u011fini, k\u00f6ydeki evlere bask\u0131n d\u00fczenleyerek baz\u0131 sivilleri ka\u00e7\u0131rd\u0131klar\u0131n\u0131 bilinmeyen bir yere g\u00f6t\u00fcrd\u00fcklerini s\u00f6yledi.<\/p>\n","protected":false},"excerpt":{"rendered":"<p>HASEKE &#8211; Amerikan i\u015fgal g\u00fc\u00e7leri, Kam\u0131\u015fl\u0131&#8217;n\u0131n g\u00fcney k\u0131rsal\u0131ndaki Tel Hamis yak\u0131nlar\u0131na havadan indirme hareketi d\u00fczenledi ve baz\u0131 sivilleri ka\u00e7\u0131rd\u0131. Yerel kaynaklar SANA&#8217;ya verdi\u011fi deme\u00e7te, son saatlerde bir ABD i\u015fgal helikopterinin, Kam\u0131\u015fl\u0131&#8217;n\u0131n g\u00fcneyindeki Tel Hamis il\u00e7esinin g\u00fcneyindeki Nafael k\u00f6y\u00fcnde ABD destekli &#8220;DSG&#8221; milislerinden silahl\u0131 bir grubunun deste\u011fiyle bir hava indirme hareketi d\u00fczenledi\u011fini, k\u00f6ydeki evlere bask\u0131n d\u00fczenleyerek &hellip;<\/p>\n","protected":false},"author":1,"featured_media":242676,"comment_status":"closed","ping_status":"closed","sticky":false,"template":"","format":"standard","meta":{"footnotes":""},"categories":[479,575,17988,478],"tags":[],"class_list":["post-242675","post","type-post","status-publish","format-standard","has-post-thumbnail","","category-haberler-yerel","category-olaylar-ve-gercekler","category-son-haberler","category-yerel"],"_links":{"self":[{"href":"https:\/\/archive.sana.sy\/tr\/index.php?rest_route=\/wp\/v2\/posts\/242675","targetHints":{"allow":["GET"]}}],"collection":[{"href":"https:\/\/archive.sana.sy\/tr\/index.php?rest_route=\/wp\/v2\/posts"}],"about":[{"href":"https:\/\/archive.sana.sy\/tr\/index.php?rest_route=\/wp\/v2\/types\/post"}],"author":[{"embeddable":true,"href":"https:\/\/archive.sana.sy\/tr\/index.php?rest_route=\/wp\/v2\/users\/1"}],"replies":[{"embeddable":true,"href":"https:\/\/archive.sana.sy\/tr\/index.php?rest_route=%2Fwp%2Fv2%2Fcomments&post=242675"}],"version-history":[{"count":0,"href":"https:\/\/archive.sana.sy\/tr\/index.php?rest_route=\/wp\/v2\/posts\/242675\/revisions"}],"wp:featuredmedia":[{"embeddable":true,"href":"https:\/\/archive.sana.sy\/tr\/index.php?rest_route=\/wp\/v2\/media\/242676"}],"wp:attachment":[{"href":"https:\/\/archive.sana.sy\/tr\/index.php?rest_route=%2Fwp%2Fv2%2Fmedia&parent=242675"}],"wp:term":[{"taxonomy":"category","embeddable":true,"href":"https:\/\/archive.sana.sy\/tr\/index.php?rest_route=%2Fwp%2Fv2%2Fcategories&post=242675"},{"taxonomy":"post_tag","embeddable":true,"href":"https:\/\/archive.sana.sy\/tr\/index.php?rest_route=%2Fwp%2Fv2%2Ftags&post=242675"}],"curies":[{"name":"wp","href":"https:\/\/api.w.org\/{rel}","templated":true}]}}