{"id":242748,"date":"2021-09-08T11:06:09","date_gmt":"2021-09-08T08:06:09","guid":{"rendered":"http:\/\/107.6.182.27\/tr\/?p=242748"},"modified":"2021-09-09T08:20:52","modified_gmt":"2021-09-09T05:20:52","slug":"rakkada-dsg-milislerine-ait-bir-arac-hedef-alindi","status":"publish","type":"post","link":"https:\/\/archive.sana.sy\/tr\/?p=242748","title":{"rendered":"Rakka&#8217;da DSG Milislerine Ait Bir Ara\u00e7 Hedef Al\u0131nd\u0131"},"content":{"rendered":"<p>RAKKA \u2013 pop\u00fcler gruplar\u0131, Rakka k\u0131rsal\u0131n\u0131n g\u00fcneydo\u011fusunda ABD taraf\u0131ndan desteklenen &#8220;DSG&#8221; milislerine ait bir askeri arac\u0131 hedef ald\u0131.<\/p>\n<p>Yerel kaynaklar SANA&#8217;ya , &#8220;pop\u00fcler gruplar\u0131n unsurlar\u0131n\u0131n, Rakka&#8217;n\u0131n g\u00fcneydo\u011fusundaki Ratla ve El Akiri\u015fy k\u00f6yleri aras\u0131nda hareket eden &#8220;DSG&#8221; milislerine ait bir araca makineli t\u00fcfekleriyle ate\u015f a\u00e7t\u0131\u011f\u0131n\u0131 belirtti.<\/p>\n<p>Kaynaklar, s\u00f6z konusu sald\u0131r\u0131lar\u0131n sonucunda, arac\u0131n devrilmesine ve i\u00e7indekilerin de \u00f6lmesine ve yaralanmas\u0131na neden oldu\u011funa i\u015faret etti.<\/p>\n","protected":false},"excerpt":{"rendered":"<p>RAKKA \u2013 pop\u00fcler gruplar\u0131, Rakka k\u0131rsal\u0131n\u0131n g\u00fcneydo\u011fusunda ABD taraf\u0131ndan desteklenen &#8220;DSG&#8221; milislerine ait bir askeri arac\u0131 hedef ald\u0131. Yerel kaynaklar SANA&#8217;ya , &#8220;pop\u00fcler gruplar\u0131n unsurlar\u0131n\u0131n, Rakka&#8217;n\u0131n g\u00fcneydo\u011fusundaki Ratla ve El Akiri\u015fy k\u00f6yleri aras\u0131nda hareket eden &#8220;DSG&#8221; milislerine ait bir araca makineli t\u00fcfekleriyle ate\u015f a\u00e7t\u0131\u011f\u0131n\u0131 belirtti. Kaynaklar, s\u00f6z konusu sald\u0131r\u0131lar\u0131n sonucunda, arac\u0131n devrilmesine ve i\u00e7indekilerin de &hellip;<\/p>\n","protected":false},"author":36,"featured_media":242751,"comment_status":"closed","ping_status":"closed","sticky":false,"template":"","format":"standard","meta":{"footnotes":""},"categories":[479,575,17988,478],"tags":[],"class_list":["post-242748","post","type-post","status-publish","format-standard","has-post-thumbnail","","category-haberler-yerel","category-olaylar-ve-gercekler","category-son-haberler","category-yerel"],"_links":{"self":[{"href":"https:\/\/archive.sana.sy\/tr\/index.php?rest_route=\/wp\/v2\/posts\/242748","targetHints":{"allow":["GET"]}}],"collection":[{"href":"https:\/\/archive.sana.sy\/tr\/index.php?rest_route=\/wp\/v2\/posts"}],"about":[{"href":"https:\/\/archive.sana.sy\/tr\/index.php?rest_route=\/wp\/v2\/types\/post"}],"author":[{"embeddable":true,"href":"https:\/\/archive.sana.sy\/tr\/index.php?rest_route=\/wp\/v2\/users\/36"}],"replies":[{"embeddable":true,"href":"https:\/\/archive.sana.sy\/tr\/index.php?rest_route=%2Fwp%2Fv2%2Fcomments&post=242748"}],"version-history":[{"count":0,"href":"https:\/\/archive.sana.sy\/tr\/index.php?rest_route=\/wp\/v2\/posts\/242748\/revisions"}],"wp:featuredmedia":[{"embeddable":true,"href":"https:\/\/archive.sana.sy\/tr\/index.php?rest_route=\/wp\/v2\/media\/242751"}],"wp:attachment":[{"href":"https:\/\/archive.sana.sy\/tr\/index.php?rest_route=%2Fwp%2Fv2%2Fmedia&parent=242748"}],"wp:term":[{"taxonomy":"category","embeddable":true,"href":"https:\/\/archive.sana.sy\/tr\/index.php?rest_route=%2Fwp%2Fv2%2Fcategories&post=242748"},{"taxonomy":"post_tag","embeddable":true,"href":"https:\/\/archive.sana.sy\/tr\/index.php?rest_route=%2Fwp%2Fv2%2Ftags&post=242748"}],"curies":[{"name":"wp","href":"https:\/\/api.w.org\/{rel}","templated":true}]}}