{"id":242815,"date":"2021-09-08T17:28:07","date_gmt":"2021-09-08T14:28:07","guid":{"rendered":"http:\/\/107.6.182.27\/tr\/?p=242815"},"modified":"2021-09-09T16:45:34","modified_gmt":"2021-09-09T13:45:34","slug":"ordu-birlikleri-dera-el-balad-bolgesinde-teroristlerden-kalma-bir-tunel-ele-gecirdi","status":"publish","type":"post","link":"https:\/\/archive.sana.sy\/tr\/?p=242815","title":{"rendered":"Ordu Birlikleri Dera el Balad B\u00f6lgesinde Ter\u00f6ristlerden Kalma Bir T\u00fcnel Ele Ge\u00e7irdi"},"content":{"rendered":"<p>DERA \u2013 Ordu birliklerimiz Dera \u0130li\u2019ndeki Dera el Balad B\u00f6lgesinde konu\u015flanma operasyonu s\u0131ras\u0131nda ter\u00f6ristlerden kalma bir t\u00fcneli ele ge\u00e7irdi.<\/p>\n<p>SANA muhabiri, ordu birliklerimizin Dera \u0130li\u2019ndeki Dera el Balad B\u00f6lgesinde konu\u015fland\u0131klar\u0131 s\u0131ras\u0131nda, sivil yerle\u015fim alanlar\u0131na sald\u0131rd\u0131klar\u0131nda ter\u00f6ristlerin kulland\u0131\u011f\u0131 bir t\u00fcneli ele ge\u00e7irdiklerini belirtti.<\/p>\n<p>P.M.<\/p>\n<div id='gallery-1' class='gallery galleryid-242815 gallery-columns-1 gallery-size-full'><figure class='gallery-item'>\n\t\t\t<div class='gallery-icon landscape'>\n\t\t\t\t<a href='https:\/\/archive.sana.sy\/tr\/wp-content\/uploads\/2021\/09\/photo_2021-09-08_14-42-42-scaled.jpg'><img loading=\"lazy\" decoding=\"async\" width=\"2560\" height=\"1293\" src=\"https:\/\/archive.sana.sy\/tr\/wp-content\/uploads\/2021\/09\/photo_2021-09-08_14-42-42-scaled.jpg\" class=\"attachment-full size-full\" alt=\"\" srcset=\"https:\/\/archive.sana.sy\/tr\/wp-content\/uploads\/2021\/09\/photo_2021-09-08_14-42-42-scaled.jpg 2560w, https:\/\/archive.sana.sy\/tr\/wp-content\/uploads\/2021\/09\/photo_2021-09-08_14-42-42-300x151.jpg 300w, https:\/\/archive.sana.sy\/tr\/wp-content\/uploads\/2021\/09\/photo_2021-09-08_14-42-42-1024x517.jpg 1024w, https:\/\/archive.sana.sy\/tr\/wp-content\/uploads\/2021\/09\/photo_2021-09-08_14-42-42-150x76.jpg 150w, https:\/\/archive.sana.sy\/tr\/wp-content\/uploads\/2021\/09\/photo_2021-09-08_14-42-42-768x388.jpg 768w, https:\/\/archive.sana.sy\/tr\/wp-content\/uploads\/2021\/09\/photo_2021-09-08_14-42-42-1536x776.jpg 1536w, https:\/\/archive.sana.sy\/tr\/wp-content\/uploads\/2021\/09\/photo_2021-09-08_14-42-42-2048x1034.jpg 2048w\" sizes=\"auto, (max-width: 2560px) 100vw, 2560px\" \/><\/a>\n\t\t\t<\/div><\/figure><figure class='gallery-item'>\n\t\t\t<div class='gallery-icon landscape'>\n\t\t\t\t<a href='https:\/\/archive.sana.sy\/tr\/wp-content\/uploads\/2021\/09\/photo_2021-09-08_14-42-44-scaled.jpg'><img loading=\"lazy\" decoding=\"async\" width=\"2560\" height=\"1244\" src=\"https:\/\/archive.sana.sy\/tr\/wp-content\/uploads\/2021\/09\/photo_2021-09-08_14-42-44-scaled.jpg\" class=\"attachment-full size-full\" alt=\"\" srcset=\"https:\/\/archive.sana.sy\/tr\/wp-content\/uploads\/2021\/09\/photo_2021-09-08_14-42-44-scaled.jpg 2560w, https:\/\/archive.sana.sy\/tr\/wp-content\/uploads\/2021\/09\/photo_2021-09-08_14-42-44-300x146.jpg 300w, https:\/\/archive.sana.sy\/tr\/wp-content\/uploads\/2021\/09\/photo_2021-09-08_14-42-44-1024x498.jpg 1024w, https:\/\/archive.sana.sy\/tr\/wp-content\/uploads\/2021\/09\/photo_2021-09-08_14-42-44-150x73.jpg 150w, https:\/\/archive.sana.sy\/tr\/wp-content\/uploads\/2021\/09\/photo_2021-09-08_14-42-44-768x373.jpg 768w, https:\/\/archive.sana.sy\/tr\/wp-content\/uploads\/2021\/09\/photo_2021-09-08_14-42-44-1536x747.jpg 1536w, https:\/\/archive.sana.sy\/tr\/wp-content\/uploads\/2021\/09\/photo_2021-09-08_14-42-44-2048x995.jpg 2048w\" sizes=\"auto, (max-width: 2560px) 100vw, 2560px\" \/><\/a>\n\t\t\t<\/div><\/figure><figure class='gallery-item'>\n\t\t\t<div class='gallery-icon landscape'>\n\t\t\t\t<a href='https:\/\/archive.sana.sy\/tr\/wp-content\/uploads\/2021\/09\/photo_2021-09-08_14-42-57-2-scaled.jpg'><img loading=\"lazy\" decoding=\"async\" width=\"2560\" height=\"1472\" src=\"https:\/\/archive.sana.sy\/tr\/wp-content\/uploads\/2021\/09\/photo_2021-09-08_14-42-57-2-scaled.jpg\" class=\"attachment-full size-full\" alt=\"\" srcset=\"https:\/\/archive.sana.sy\/tr\/wp-content\/uploads\/2021\/09\/photo_2021-09-08_14-42-57-2-scaled.jpg 2560w, https:\/\/archive.sana.sy\/tr\/wp-content\/uploads\/2021\/09\/photo_2021-09-08_14-42-57-2-300x172.jpg 300w, https:\/\/archive.sana.sy\/tr\/wp-content\/uploads\/2021\/09\/photo_2021-09-08_14-42-57-2-1024x589.jpg 1024w, https:\/\/archive.sana.sy\/tr\/wp-content\/uploads\/2021\/09\/photo_2021-09-08_14-42-57-2-150x86.jpg 150w, https:\/\/archive.sana.sy\/tr\/wp-content\/uploads\/2021\/09\/photo_2021-09-08_14-42-57-2-768x442.jpg 768w, https:\/\/archive.sana.sy\/tr\/wp-content\/uploads\/2021\/09\/photo_2021-09-08_14-42-57-2-1536x883.jpg 1536w, https:\/\/archive.sana.sy\/tr\/wp-content\/uploads\/2021\/09\/photo_2021-09-08_14-42-57-2-2048x1177.jpg 2048w\" sizes=\"auto, (max-width: 2560px) 100vw, 2560px\" \/><\/a>\n\t\t\t<\/div><\/figure><figure class='gallery-item'>\n\t\t\t<div class='gallery-icon landscape'>\n\t\t\t\t<a href='https:\/\/archive.sana.sy\/tr\/wp-content\/uploads\/2021\/09\/photo_2021-09-08_14-43-04-scaled.jpg'><img loading=\"lazy\" decoding=\"async\" width=\"2560\" height=\"1352\" src=\"https:\/\/archive.sana.sy\/tr\/wp-content\/uploads\/2021\/09\/photo_2021-09-08_14-43-04-scaled.jpg\" class=\"attachment-full size-full\" alt=\"\" srcset=\"https:\/\/archive.sana.sy\/tr\/wp-content\/uploads\/2021\/09\/photo_2021-09-08_14-43-04-scaled.jpg 2560w, https:\/\/archive.sana.sy\/tr\/wp-content\/uploads\/2021\/09\/photo_2021-09-08_14-43-04-300x158.jpg 300w, https:\/\/archive.sana.sy\/tr\/wp-content\/uploads\/2021\/09\/photo_2021-09-08_14-43-04-1024x541.jpg 1024w, https:\/\/archive.sana.sy\/tr\/wp-content\/uploads\/2021\/09\/photo_2021-09-08_14-43-04-150x79.jpg 150w, https:\/\/archive.sana.sy\/tr\/wp-content\/uploads\/2021\/09\/photo_2021-09-08_14-43-04-768x406.jpg 768w, https:\/\/archive.sana.sy\/tr\/wp-content\/uploads\/2021\/09\/photo_2021-09-08_14-43-04-1536x811.jpg 1536w, https:\/\/archive.sana.sy\/tr\/wp-content\/uploads\/2021\/09\/photo_2021-09-08_14-43-04-2048x1082.jpg 2048w, https:\/\/archive.sana.sy\/tr\/wp-content\/uploads\/2021\/09\/photo_2021-09-08_14-43-04-310x165.jpg 310w\" sizes=\"auto, (max-width: 2560px) 100vw, 2560px\" \/><\/a>\n\t\t\t<\/div><\/figure>\n\t\t<\/div>\n\n","protected":false},"excerpt":{"rendered":"<p>DERA \u2013 Ordu birliklerimiz Dera \u0130li\u2019ndeki Dera el Balad B\u00f6lgesinde konu\u015flanma operasyonu s\u0131ras\u0131nda ter\u00f6ristlerden kalma bir t\u00fcneli ele ge\u00e7irdi. SANA muhabiri, ordu birliklerimizin Dera \u0130li\u2019ndeki Dera el Balad B\u00f6lgesinde konu\u015fland\u0131klar\u0131 s\u0131ras\u0131nda, sivil yerle\u015fim alanlar\u0131na sald\u0131rd\u0131klar\u0131nda ter\u00f6ristlerin kulland\u0131\u011f\u0131 bir t\u00fcneli ele ge\u00e7irdiklerini belirtti. P.M.<\/p>\n","protected":false},"author":1,"featured_media":242816,"comment_status":"closed","ping_status":"closed","sticky":false,"template":"","format":"standard","meta":{"footnotes":""},"categories":[596,479,575,17988,478],"tags":[],"class_list":["post-242815","post","type-post","status-publish","format-standard","has-post-thumbnail","","category-fotografli-raporlar","category-haberler-yerel","category-olaylar-ve-gercekler","category-son-haberler","category-yerel"],"_links":{"self":[{"href":"https:\/\/archive.sana.sy\/tr\/index.php?rest_route=\/wp\/v2\/posts\/242815","targetHints":{"allow":["GET"]}}],"collection":[{"href":"https:\/\/archive.sana.sy\/tr\/index.php?rest_route=\/wp\/v2\/posts"}],"about":[{"href":"https:\/\/archive.sana.sy\/tr\/index.php?rest_route=\/wp\/v2\/types\/post"}],"author":[{"embeddable":true,"href":"https:\/\/archive.sana.sy\/tr\/index.php?rest_route=\/wp\/v2\/users\/1"}],"replies":[{"embeddable":true,"href":"https:\/\/archive.sana.sy\/tr\/index.php?rest_route=%2Fwp%2Fv2%2Fcomments&post=242815"}],"version-history":[{"count":0,"href":"https:\/\/archive.sana.sy\/tr\/index.php?rest_route=\/wp\/v2\/posts\/242815\/revisions"}],"wp:featuredmedia":[{"embeddable":true,"href":"https:\/\/archive.sana.sy\/tr\/index.php?rest_route=\/wp\/v2\/media\/242816"}],"wp:attachment":[{"href":"https:\/\/archive.sana.sy\/tr\/index.php?rest_route=%2Fwp%2Fv2%2Fmedia&parent=242815"}],"wp:term":[{"taxonomy":"category","embeddable":true,"href":"https:\/\/archive.sana.sy\/tr\/index.php?rest_route=%2Fwp%2Fv2%2Fcategories&post=242815"},{"taxonomy":"post_tag","embeddable":true,"href":"https:\/\/archive.sana.sy\/tr\/index.php?rest_route=%2Fwp%2Fv2%2Ftags&post=242815"}],"curies":[{"name":"wp","href":"https:\/\/api.w.org\/{rel}","templated":true}]}}