{"id":242936,"date":"2021-09-11T08:30:28","date_gmt":"2021-09-11T05:30:28","guid":{"rendered":"http:\/\/107.6.182.27\/tr\/?p=242936"},"modified":"2021-09-12T08:31:12","modified_gmt":"2021-09-12T05:31:12","slug":"irak-gucleri-anbarda-iki-isid-teroristi-tutukladi","status":"publish","type":"post","link":"https:\/\/archive.sana.sy\/tr\/?p=242936","title":{"rendered":"Irak G\u00fc\u00e7leri Anbar&#8217;da \u0130ki &#8220;\u0130\u015e\u0130D&#8221; Ter\u00f6risti Tutuklad\u0131"},"content":{"rendered":"<p>BA\u011eDAT \u2013 Irak g\u00fc\u00e7leri bug\u00fcn \u00fclkenin bat\u0131s\u0131ndaki Anbar vilayetinde iki I\u015e\u0130D ter\u00f6ristini tutuklad\u0131.<\/p>\n<p>Irak Askeri \u0130stihbarat M\u00fcd\u00fcrl\u00fc\u011f\u00fc&#8217;nden yay\u0131nlad\u0131\u011f\u0131 ve SANA&#8217;n\u0131n Ba\u011fdat&#8217;daki muhabirin bir n\u00fcshas\u0131n\u0131 teslim ald\u0131\u011f\u0131 beyanda, &#8220;Do\u011fru istihbarat bilgisinin ard\u0131ndan Onuncu T\u00fcmen \u0130stihbarat Birimi, orduyla i\u015fbirli\u011fi i\u00e7inde, iki operasyonda ter\u00f6r \u00f6rg\u00fct\u00fc \u0130\u015e\u0130D&#8217;in liderlerinden birinin de dahil olmak \u00fczere Anbar&#8217;daki Karma ve Felluce il\u00e7elerinde iki ter\u00f6risti tutuklamay\u0131 ba\u015fard\u0131&#8221; diye belirtildi.<\/p>\n<p>Beyanda, &#8220;Felluce&#8217;nin \u015eehabiyat b\u00f6lgesinde de 15 patlay\u0131c\u0131 cihaz ve 14 f\u00fcnye ele ge\u00e7irildi\u011fini&#8221; da eklendi.<\/p>\n<p>P.M.<\/p>\n","protected":false},"excerpt":{"rendered":"<p>BA\u011eDAT \u2013 Irak g\u00fc\u00e7leri bug\u00fcn \u00fclkenin bat\u0131s\u0131ndaki Anbar vilayetinde iki I\u015e\u0130D ter\u00f6ristini tutuklad\u0131. Irak Askeri \u0130stihbarat M\u00fcd\u00fcrl\u00fc\u011f\u00fc&#8217;nden yay\u0131nlad\u0131\u011f\u0131 ve SANA&#8217;n\u0131n Ba\u011fdat&#8217;daki muhabirin bir n\u00fcshas\u0131n\u0131 teslim ald\u0131\u011f\u0131 beyanda, &#8220;Do\u011fru istihbarat bilgisinin ard\u0131ndan Onuncu T\u00fcmen \u0130stihbarat Birimi, orduyla i\u015fbirli\u011fi i\u00e7inde, iki operasyonda ter\u00f6r \u00f6rg\u00fct\u00fc \u0130\u015e\u0130D&#8217;in liderlerinden birinin de dahil olmak \u00fczere Anbar&#8217;daki Karma ve Felluce il\u00e7elerinde iki &hellip;<\/p>\n","protected":false},"author":1,"featured_media":242946,"comment_status":"closed","ping_status":"closed","sticky":false,"template":"","format":"standard","meta":{"footnotes":""},"categories":[458,459,17988],"tags":[],"class_list":["post-242936","post","type-post","status-publish","format-standard","has-post-thumbnail","","category-dunya1","category-haberler-arap-uluslararasi-politika","category-son-haberler"],"_links":{"self":[{"href":"https:\/\/archive.sana.sy\/tr\/index.php?rest_route=\/wp\/v2\/posts\/242936","targetHints":{"allow":["GET"]}}],"collection":[{"href":"https:\/\/archive.sana.sy\/tr\/index.php?rest_route=\/wp\/v2\/posts"}],"about":[{"href":"https:\/\/archive.sana.sy\/tr\/index.php?rest_route=\/wp\/v2\/types\/post"}],"author":[{"embeddable":true,"href":"https:\/\/archive.sana.sy\/tr\/index.php?rest_route=\/wp\/v2\/users\/1"}],"replies":[{"embeddable":true,"href":"https:\/\/archive.sana.sy\/tr\/index.php?rest_route=%2Fwp%2Fv2%2Fcomments&post=242936"}],"version-history":[{"count":0,"href":"https:\/\/archive.sana.sy\/tr\/index.php?rest_route=\/wp\/v2\/posts\/242936\/revisions"}],"wp:featuredmedia":[{"embeddable":true,"href":"https:\/\/archive.sana.sy\/tr\/index.php?rest_route=\/wp\/v2\/media\/242946"}],"wp:attachment":[{"href":"https:\/\/archive.sana.sy\/tr\/index.php?rest_route=%2Fwp%2Fv2%2Fmedia&parent=242936"}],"wp:term":[{"taxonomy":"category","embeddable":true,"href":"https:\/\/archive.sana.sy\/tr\/index.php?rest_route=%2Fwp%2Fv2%2Fcategories&post=242936"},{"taxonomy":"post_tag","embeddable":true,"href":"https:\/\/archive.sana.sy\/tr\/index.php?rest_route=%2Fwp%2Fv2%2Ftags&post=242936"}],"curies":[{"name":"wp","href":"https:\/\/api.w.org\/{rel}","templated":true}]}}