{"id":24296,"date":"2015-02-19T19:08:14","date_gmt":"2015-02-19T17:08:14","guid":{"rendered":"http:\/\/www.sana.sy\/tr\/?p=24296"},"modified":"2015-02-19T20:16:58","modified_gmt":"2015-02-19T18:16:58","slug":"ihvanci-akp-iktidari-50-bin-profesyonel-teroristi-turkiyede-yerlestirdi","status":"publish","type":"post","link":"https:\/\/archive.sana.sy\/tr\/?p=24296","title":{"rendered":"\u0130hvanc\u0131 AKP \u0130ktidar\u0131 50 Bin Profesyonel Ter\u00f6risti T\u00fcrkiye&#8217;de Yerle\u015ftirdi"},"content":{"rendered":"<p>ANKARA \u2013 T\u00fcrkiye&#8217;de Cumhuriyet Halk Partisi (CHP) Genel Ba\u015fkan Yard\u0131mc\u0131s\u0131 \u015eafak Pavey, Recep AKP h\u00fck\u00fcmetinin, Suriye\u2019de uygulad\u0131\u011f\u0131 plan\u0131n par\u00e7as\u0131 olarak son d\u00f6rt y\u0131ld\u0131r T\u00fcrkiye&#8217;ye ta\u015f\u0131nan \u00e7o\u011fu \u00c7e\u00e7en ve Libyal\u0131 50 bin civar\u0131nda profesyonel ter\u00f6ristin T\u00fcrkiye\u2019ye yerle\u015ftirildiklerine dikkat \u00e7ekti.<\/p>\n<p>Yurt Gazetesinin aktard\u0131\u011f\u0131 haberde Pavey CHP\u2019den kimi milletvekilleriyle birlikte TBMM\u2019de bas\u0131n toplant\u0131s\u0131 d\u00fczenledi.<\/p>\n<p>T\u00fcrkiye&#8217;nin b\u00fcy\u00fck bir g\u00fcvenlik riski alt\u0131nda oldu\u011funu ifade eden Pavey, \u201cH\u00fck\u00fcmet ger\u00e7ek tehdit yerine; vatanda\u015flar\u0131m\u0131z\u0131 anayasal haklar\u0131na ra\u011fmen kontrol edece\u011fi, fi\u015fleyece\u011fi, hayatlar\u0131n\u0131 cehenneme \u00e7evirece\u011fi bir bask\u0131 paketini g\u00fcvenlik diye sunmaktad\u0131r.<\/p>\n<p>Di\u011fer yandan uluslararas\u0131 toplumun en b\u00fcy\u00fck tehdit olarak kabul etti\u011fi I\u015eID ve benzeri radikal canavarlar\u0131n yaratt\u0131\u011f\u0131 tehlikeyi gizlemektedir\u201d dedi.<\/p>\n<p>Payev; Ortado\u011fu tarihinin en karanl\u0131k d\u00f6nemlerinden birinden ge\u00e7ildi\u011fine dikkat \u00e7ekerken; AKP h\u00fck\u00fcmetinin bu karanl\u0131\u011f\u0131n bizzat planlay\u0131c\u0131 ve uygulay\u0131c\u0131 bir par\u00e7as\u0131 oldu\u011funu belirtti.<\/p>\n<p>AKP h\u00fck\u00fcmetinin Suriye\u2019de uygulad\u0131\u011f\u0131 plan\u0131n par\u00e7as\u0131 olarak son d\u00f6rt y\u0131ld\u0131r T\u00fcrkiye&#8217;ye ta\u015f\u0131nan \u00e7o\u011fu \u00c7e\u00e7en ve Libyal\u0131 50 bin civar\u0131nda profesyonel ter\u00f6ristin T\u00fcrkiye\u2019ye yerle\u015ftirildi\u011fini ifade eden Payev; bu ter\u00f6ristlerin nerelerde ikamet ettikleri, g\u00fcnl\u00fck ya\u015famlar\u0131 i\u00e7in gereken finans\u0131 nereden elde ettikleri ve T\u00fcrk halk\u0131 i\u00e7in korkun\u00e7 bir tehlike te\u015fkil eden bu ter\u00f6ristlerin AKP i\u00e7in neyin g\u00fcvencesi oldu\u011fu sorular\u0131na vurgu yapt\u0131.<\/p>\n<p>\u201cI\u015e\u0130D\u2019in Halep k\u0131rsal\u0131 Ayn Arap Kasabas\u0131ndan s\u00fcr\u00fcld\u00fc\u011f\u00fcnde a\u011f\u0131r silah ve m\u00fchimmatlar\u0131n\u0131, T\u00fcrk istihbarat\u0131 ve ordusunun bilgisi ve yard\u0131m\u0131 alt\u0131nda T\u00fcrkiye topraklar\u0131na park etti\u011fini belirten Payev; bu az\u0131l\u0131 radikal ter\u00f6tistlerin AKP h\u00fck\u00fcmeti taraf\u0131ndan nas\u0131l bu kadar pervas\u0131zca desteklendiklerini sorgulad\u0131.<\/p>\n<p>Payev s\u00f6zlerine devam ederken; \u201cAKP k\u00fcresel cihat\u00e7\u0131lar\u0131n silahland\u0131r\u0131lmalar\u0131, yerle\u015ftirilmeleri, tedavi edilmeleri, peri\u015fan ger\u00e7ek s\u0131\u011f\u0131nmac\u0131lar i\u00e7in ayr\u0131lm\u0131\u015f fonlarla donat\u0131lmalar\u0131, topraklar\u0131m\u0131zda i\u015fledikleri su\u00e7lardan kurtar\u0131lmalar\u0131 ile yetinmemi\u015ftir. Bizzat T\u00fcrkiye vatanda\u015flar\u0131n\u0131n da Cihat\u2019a kat\u0131lmas\u0131 i\u00e7in imk\u00e2n ve kolayl\u0131klar sa\u011flam\u0131\u015ft\u0131r. Bug\u00fcn\u00fcm\u00fcze ve gelece\u011fimize kar\u015f\u0131 yaratt\u0131klar\u0131 bu felaketle nas\u0131l ba\u015f etmeyi d\u00fc\u015f\u00fcnmektedirler?\u201d \u015feklinde konu\u015ftu.<\/p>\n<p>T\u00fcrkiye&#8217;de M\u0130T\u2019i de sert s\u00f6zlerle ele\u015ftiren Pavey, \u201cM\u0130T bu karanl\u0131k ordunun her ayr\u0131nt\u0131s\u0131na vak\u0131ft\u0131r. Her \u00fcyesinin; ka\u00e7 y\u0131l\u0131nda nereden gelip, nereye gitti\u011fine, \u00f6l\u00fc m\u00fc sa\u011f m\u0131 oldu\u011funa, yaralan\u0131p yaralanmad\u0131\u011f\u0131na, hangi eylemlere haz\u0131rlan\u0131ld\u0131\u011f\u0131na, hangi silah kullan\u0131m\u0131 i\u00e7in e\u011fitildi\u011fine, ka\u00e7 seks k\u00f6lesi ald\u0131\u011f\u0131na var\u0131ncaya kadar bilmektedir\u201d dedi.<\/p>\n<p>\u0130\u00e7 G\u00fcvenlik Paketine i\u015faret eden Pavey, \u201cH\u00fck\u00fcmet g\u00fcvenli\u011fimizle ger\u00e7ekten ilgileniyorsa, hepimizin selameti i\u00e7in radikal ter\u00f6re I\u015e\u0130D\u2019e kar\u015f\u0131 haz\u0131rlayaca\u011f\u0131 g\u00fcvenlik paketini bekliyoruz\u201d diye konu\u015ftu.<\/p>\n<p>\u0130ki g\u00fcn \u00f6nce Meclis\u2019te \u00e7\u0131kan kavgada yaralanan ve bas\u0131n toplant\u0131s\u0131na eli sar\u0131l\u0131 kat\u0131lan CHP Hatay Milletvekili Refik Ery\u0131lmaz ise; \u201c\u0130ki g\u00fcn \u00f6nce Meclis\u2019te bize kar\u015f\u0131 yap\u0131lm\u0131\u015f bir sald\u0131r\u0131 vard\u0131, \u00e7eki\u00e7lerle ve sandalyelerle milletvekillerine sald\u0131ran AKP\u2019li milletvekillerine \u015funu s\u00f6ylemek istiyorum, siz milletvekillerini tehdit ederek bask\u0131 alt\u0131na alarak \u015fiddet uygulayarak m\u0131 bu \u00fclkede g\u00fcvenli\u011fi sa\u011flayacaks\u0131n\u0131z?\u201d diye sordu.<\/p>\n<p>\u0130stanbul Milletvekili Ali \u00d6zg\u00fcnd\u00fcz de, \u201cI\u015e\u0130D denilen ter\u00f6r \u00f6rg\u00fct\u00fc, h\u00fck\u00fcmetin besleyip b\u00fcy\u00fctt\u00fc\u011f\u00fc ter\u00f6r \u00f6rg\u00fct\u00fc Musul\u2019u ve oradaki konsoloslu\u011fumuzu i\u015fgal ettikten sonra bu \u00f6rg\u00fct\u00fc ilk tebrik eden Tar\u0131k Ha\u015fimi denen bir adam var. Bu adam halen T\u00fcrkiye\u2019de. \u00dclkemizin VIP salonlar\u0131n\u0131 kullan\u0131yor.<\/p>\n<p>Devletimizin konforlu misafirhanelerinde kal\u0131yor. Devletin polisi taraf\u0131ndan korunuyor. Bu adam ile h\u00fck\u00fcmetin ne t\u00fcr bir ili\u015fkisi var?\u201d diye sordu.<\/p>\n<p>A.A. &#8211; M.M.<\/p>\n<p>&nbsp;<\/p>\n","protected":false},"excerpt":{"rendered":"<p>ANKARA \u2013 T\u00fcrkiye&#8217;de Cumhuriyet Halk Partisi (CHP) Genel Ba\u015fkan Yard\u0131mc\u0131s\u0131 \u015eafak Pavey, Recep AKP h\u00fck\u00fcmetinin, Suriye\u2019de uygulad\u0131\u011f\u0131 plan\u0131n par\u00e7as\u0131 olarak son d\u00f6rt y\u0131ld\u0131r T\u00fcrkiye&#8217;ye ta\u015f\u0131nan \u00e7o\u011fu \u00c7e\u00e7en ve Libyal\u0131 50 bin civar\u0131nda profesyonel ter\u00f6ristin T\u00fcrkiye\u2019ye yerle\u015ftirildiklerine dikkat \u00e7ekti. Yurt Gazetesinin aktard\u0131\u011f\u0131 haberde Pavey CHP\u2019den kimi milletvekilleriyle birlikte TBMM\u2019de bas\u0131n toplant\u0131s\u0131 d\u00fczenledi. T\u00fcrkiye&#8217;nin b\u00fcy\u00fck bir g\u00fcvenlik &hellip;<\/p>\n","protected":false},"author":1,"featured_media":24298,"comment_status":"closed","ping_status":"closed","sticky":false,"template":"","format":"standard","meta":{"footnotes":""},"categories":[458,459,447,2554,2555],"tags":[11624,11623,11625,11626],"class_list":["post-24296","post","type-post","status-publish","format-standard","has-post-thumbnail","","category-dunya1","category-haberler-arap-uluslararasi-politika","category-politika","category-suriye-ve-dunya","category-suriye-ve-turkiye","tag-ankara-turkiyede-cumhuriyet-halk-partisi-chp-genel-baskan-yardimcisi-safak-pavey","tag-ihvanci-akp-iktidari-50-bin-profesyonel-teroristi-turkiyede-yerlestirdi","tag-recep-akp-hukumetinin","tag-suriyede-uyguladigi-planin-parcasi-olarak-son-dort-yildir-turkiyeye-tasinan-cogu-cecen-ve-libyali-50-bin-civarinda-profesyonel-teroristin-turkiyeye-yerlestirildiklerine-dikkat-cekti"],"_links":{"self":[{"href":"https:\/\/archive.sana.sy\/tr\/index.php?rest_route=\/wp\/v2\/posts\/24296","targetHints":{"allow":["GET"]}}],"collection":[{"href":"https:\/\/archive.sana.sy\/tr\/index.php?rest_route=\/wp\/v2\/posts"}],"about":[{"href":"https:\/\/archive.sana.sy\/tr\/index.php?rest_route=\/wp\/v2\/types\/post"}],"author":[{"embeddable":true,"href":"https:\/\/archive.sana.sy\/tr\/index.php?rest_route=\/wp\/v2\/users\/1"}],"replies":[{"embeddable":true,"href":"https:\/\/archive.sana.sy\/tr\/index.php?rest_route=%2Fwp%2Fv2%2Fcomments&post=24296"}],"version-history":[{"count":0,"href":"https:\/\/archive.sana.sy\/tr\/index.php?rest_route=\/wp\/v2\/posts\/24296\/revisions"}],"wp:featuredmedia":[{"embeddable":true,"href":"https:\/\/archive.sana.sy\/tr\/index.php?rest_route=\/wp\/v2\/media\/24298"}],"wp:attachment":[{"href":"https:\/\/archive.sana.sy\/tr\/index.php?rest_route=%2Fwp%2Fv2%2Fmedia&parent=24296"}],"wp:term":[{"taxonomy":"category","embeddable":true,"href":"https:\/\/archive.sana.sy\/tr\/index.php?rest_route=%2Fwp%2Fv2%2Fcategories&post=24296"},{"taxonomy":"post_tag","embeddable":true,"href":"https:\/\/archive.sana.sy\/tr\/index.php?rest_route=%2Fwp%2Fv2%2Ftags&post=24296"}],"curies":[{"name":"wp","href":"https:\/\/api.w.org\/{rel}","templated":true}]}}