{"id":242970,"date":"2021-09-11T17:56:52","date_gmt":"2021-09-11T14:56:52","guid":{"rendered":"http:\/\/107.6.182.27\/tr\/?p=242970"},"modified":"2021-09-13T17:53:38","modified_gmt":"2021-09-13T14:53:38","slug":"hama-kirsalinda-isidten-kalma-bir-bombanin-patlamasinda-bir-cocuk-sehit","status":"publish","type":"post","link":"https:\/\/archive.sana.sy\/tr\/?p=242970","title":{"rendered":"Hama K\u0131rsal\u0131nda &#8220;I\u015e\u0130D&#8221;ten Kalma Bir Bomban\u0131n Patlamas\u0131nda Bir \u00c7ocuk \u015eehit"},"content":{"rendered":"<p>HAMA \u2013 Hama \u0130li\u2019nde yer alan Selemiye\u2019nin k\u0131rsal\u0131ndaki Ebu Fa\u015fafi\u015f K\u00f6y\u00fcnde \u201cI\u015e\u0130D\u201d ter\u00f6r \u00f6rg\u00fct\u00fcnden kalma bir k\u00fcme bombas\u0131n\u0131n patlamas\u0131 sonucunda bir k\u0131z \u00e7ocuk \u015fehit d\u00fc\u015ft\u00fc.<\/p>\n<p>SANA\u2019n\u0131n Hama muhabiri, Selemiye k\u0131rsal\u0131ndaki Saen Nahiyesine tabi Ebu Fa\u015fafi\u015f K\u00f6y\u00fcnde \u201cI\u015e\u0130D\u201d ter\u00f6r \u00f6rg\u00fct\u00fcnden kalma bir k\u00fcme bombas\u0131n\u0131n patlad\u0131\u011f\u0131n\u0131 ve bunun sonucunda 10 ya\u015f\u0131ndaki bir k\u0131z \u00e7ocu\u011fun \u015fehit d\u00fc\u015fmesine neden oldu\u011funun belirtti.<\/p>\n<p>SANA muhabirine yapt\u0131\u011f\u0131 a\u00e7\u0131klamada, kald\u0131r\u0131ld\u0131\u011f\u0131 Salamiyah Hastanesi m\u00fcd\u00fcr\u00fc Dr.Usama Melhem, \u00f6l\u00fcm nedeninin bomba patlamas\u0131 sonucu a\u011f\u0131r yaralanmas\u0131 oldu\u011funu s\u00f6yledi.<\/p>\n<p>P.M.<\/p>\n","protected":false},"excerpt":{"rendered":"<p>HAMA \u2013 Hama \u0130li\u2019nde yer alan Selemiye\u2019nin k\u0131rsal\u0131ndaki Ebu Fa\u015fafi\u015f K\u00f6y\u00fcnde \u201cI\u015e\u0130D\u201d ter\u00f6r \u00f6rg\u00fct\u00fcnden kalma bir k\u00fcme bombas\u0131n\u0131n patlamas\u0131 sonucunda bir k\u0131z \u00e7ocuk \u015fehit d\u00fc\u015ft\u00fc. SANA\u2019n\u0131n Hama muhabiri, Selemiye k\u0131rsal\u0131ndaki Saen Nahiyesine tabi Ebu Fa\u015fafi\u015f K\u00f6y\u00fcnde \u201cI\u015e\u0130D\u201d ter\u00f6r \u00f6rg\u00fct\u00fcnden kalma bir k\u00fcme bombas\u0131n\u0131n patlad\u0131\u011f\u0131n\u0131 ve bunun sonucunda 10 ya\u015f\u0131ndaki bir k\u0131z \u00e7ocu\u011fun \u015fehit d\u00fc\u015fmesine neden &hellip;<\/p>\n","protected":false},"author":1,"featured_media":242973,"comment_status":"closed","ping_status":"closed","sticky":false,"template":"","format":"standard","meta":{"footnotes":""},"categories":[479,575,17988,478],"tags":[],"class_list":["post-242970","post","type-post","status-publish","format-standard","has-post-thumbnail","","category-haberler-yerel","category-olaylar-ve-gercekler","category-son-haberler","category-yerel"],"_links":{"self":[{"href":"https:\/\/archive.sana.sy\/tr\/index.php?rest_route=\/wp\/v2\/posts\/242970","targetHints":{"allow":["GET"]}}],"collection":[{"href":"https:\/\/archive.sana.sy\/tr\/index.php?rest_route=\/wp\/v2\/posts"}],"about":[{"href":"https:\/\/archive.sana.sy\/tr\/index.php?rest_route=\/wp\/v2\/types\/post"}],"author":[{"embeddable":true,"href":"https:\/\/archive.sana.sy\/tr\/index.php?rest_route=\/wp\/v2\/users\/1"}],"replies":[{"embeddable":true,"href":"https:\/\/archive.sana.sy\/tr\/index.php?rest_route=%2Fwp%2Fv2%2Fcomments&post=242970"}],"version-history":[{"count":0,"href":"https:\/\/archive.sana.sy\/tr\/index.php?rest_route=\/wp\/v2\/posts\/242970\/revisions"}],"wp:featuredmedia":[{"embeddable":true,"href":"https:\/\/archive.sana.sy\/tr\/index.php?rest_route=\/wp\/v2\/media\/242973"}],"wp:attachment":[{"href":"https:\/\/archive.sana.sy\/tr\/index.php?rest_route=%2Fwp%2Fv2%2Fmedia&parent=242970"}],"wp:term":[{"taxonomy":"category","embeddable":true,"href":"https:\/\/archive.sana.sy\/tr\/index.php?rest_route=%2Fwp%2Fv2%2Fcategories&post=242970"},{"taxonomy":"post_tag","embeddable":true,"href":"https:\/\/archive.sana.sy\/tr\/index.php?rest_route=%2Fwp%2Fv2%2Ftags&post=242970"}],"curies":[{"name":"wp","href":"https:\/\/api.w.org\/{rel}","templated":true}]}}