{"id":243028,"date":"2021-09-13T18:04:34","date_gmt":"2021-09-13T15:04:34","guid":{"rendered":"http:\/\/107.6.182.27\/tr\/?p=243028"},"modified":"2021-09-14T16:05:18","modified_gmt":"2021-09-14T13:05:18","slug":"dsg-milisleri-rakka-kentinden-birkac-sivili-kacirdi","status":"publish","type":"post","link":"https:\/\/archive.sana.sy\/tr\/?p=243028","title":{"rendered":"&#8220;DSG&#8221; Milisleri Rakka Kentinden Birka\u00e7 Sivili Ka\u00e7\u0131rd\u0131"},"content":{"rendered":"<p>RAKKA \u2013 \u0130\u015fgal ettikleri b\u00f6lgelerindeki ahalilere kar\u015f\u0131 devam ettikleri su\u00e7lu uygulamalar\u0131 \u00e7er\u00e7evesinde Amerikan i\u015fgalinden destekli \u201cDSG\u201d milisleri Rakka Kenti\u2019nden birka\u00e7 sivili ka\u00e7\u0131rd\u0131.<\/p>\n<p>Yerel kaynaklar SANA muhabirine, \u201cDSG\u201d milislerinin Rakka Kenti\u2019nin bat\u0131l\u0131 giri\u015finde kontrol noktalar\u0131 kurduklar\u0131n\u0131 ve birka\u00e7 sivili ka\u00e7\u0131rd\u0131klar\u0131n\u0131 belirtti.<\/p>\n<p>Kaynaklar ayr\u0131ca, \u201cDSG\u201d milislerinin ka\u00e7\u0131rd\u0131klar\u0131 sivilleri bilinmeyen y\u00f6ne g\u00f6t\u00fcrd\u00fcklerini s\u00f6zlerine i\u015faret etti.<\/p>\n<p>P.M.<\/p>\n","protected":false},"excerpt":{"rendered":"<p>RAKKA \u2013 \u0130\u015fgal ettikleri b\u00f6lgelerindeki ahalilere kar\u015f\u0131 devam ettikleri su\u00e7lu uygulamalar\u0131 \u00e7er\u00e7evesinde Amerikan i\u015fgalinden destekli \u201cDSG\u201d milisleri Rakka Kenti\u2019nden birka\u00e7 sivili ka\u00e7\u0131rd\u0131. Yerel kaynaklar SANA muhabirine, \u201cDSG\u201d milislerinin Rakka Kenti\u2019nin bat\u0131l\u0131 giri\u015finde kontrol noktalar\u0131 kurduklar\u0131n\u0131 ve birka\u00e7 sivili ka\u00e7\u0131rd\u0131klar\u0131n\u0131 belirtti. Kaynaklar ayr\u0131ca, \u201cDSG\u201d milislerinin ka\u00e7\u0131rd\u0131klar\u0131 sivilleri bilinmeyen y\u00f6ne g\u00f6t\u00fcrd\u00fcklerini s\u00f6zlerine i\u015faret etti. P.M.<\/p>\n","protected":false},"author":1,"featured_media":243031,"comment_status":"closed","ping_status":"closed","sticky":false,"template":"","format":"standard","meta":{"footnotes":""},"categories":[479,575,17988,478],"tags":[],"class_list":["post-243028","post","type-post","status-publish","format-standard","has-post-thumbnail","","category-haberler-yerel","category-olaylar-ve-gercekler","category-son-haberler","category-yerel"],"_links":{"self":[{"href":"https:\/\/archive.sana.sy\/tr\/index.php?rest_route=\/wp\/v2\/posts\/243028","targetHints":{"allow":["GET"]}}],"collection":[{"href":"https:\/\/archive.sana.sy\/tr\/index.php?rest_route=\/wp\/v2\/posts"}],"about":[{"href":"https:\/\/archive.sana.sy\/tr\/index.php?rest_route=\/wp\/v2\/types\/post"}],"author":[{"embeddable":true,"href":"https:\/\/archive.sana.sy\/tr\/index.php?rest_route=\/wp\/v2\/users\/1"}],"replies":[{"embeddable":true,"href":"https:\/\/archive.sana.sy\/tr\/index.php?rest_route=%2Fwp%2Fv2%2Fcomments&post=243028"}],"version-history":[{"count":0,"href":"https:\/\/archive.sana.sy\/tr\/index.php?rest_route=\/wp\/v2\/posts\/243028\/revisions"}],"wp:featuredmedia":[{"embeddable":true,"href":"https:\/\/archive.sana.sy\/tr\/index.php?rest_route=\/wp\/v2\/media\/243031"}],"wp:attachment":[{"href":"https:\/\/archive.sana.sy\/tr\/index.php?rest_route=%2Fwp%2Fv2%2Fmedia&parent=243028"}],"wp:term":[{"taxonomy":"category","embeddable":true,"href":"https:\/\/archive.sana.sy\/tr\/index.php?rest_route=%2Fwp%2Fv2%2Fcategories&post=243028"},{"taxonomy":"post_tag","embeddable":true,"href":"https:\/\/archive.sana.sy\/tr\/index.php?rest_route=%2Fwp%2Fv2%2Ftags&post=243028"}],"curies":[{"name":"wp","href":"https:\/\/api.w.org\/{rel}","templated":true}]}}