{"id":24303,"date":"2015-02-19T19:34:10","date_gmt":"2015-02-19T17:34:10","guid":{"rendered":"http:\/\/www.sana.sy\/tr\/?p=24303"},"modified":"2015-02-19T19:34:10","modified_gmt":"2015-02-19T17:34:10","slug":"rusya-disisleri-bakanligi-terorle-mucadele-uluslararasi-kanunlar-kapsaminda-olmalidir","status":"publish","type":"post","link":"https:\/\/archive.sana.sy\/tr\/?p=24303","title":{"rendered":"Rusya D\u0131\u015fi\u015fleri Bakanl\u0131\u011f\u0131: Ter\u00f6rle M\u00fccadele Uluslararas\u0131 Kanunlar Kapsam\u0131nda Olmal\u0131d\u0131r"},"content":{"rendered":"<p>MOSKOVA \u2013 Rusya D\u0131\u015fi\u015fleri Bakanla\u011f\u0131; ABD Savunma Bakanl\u0131\u011f\u0131 Pentagon S\u00f6zc\u00fcs\u00fc John Kerry\u2019nin Washington\u2019un isimlendirmesiyle \u201c\u0131l\u0131ml\u0131 muhalefete\u201d ba\u011fl\u0131 1200 unsurun, I\u015e\u0130D ter\u00f6r \u00f6rg\u00fct\u00fcne kar\u015f\u0131 m\u00fccadele etmeleri bahanesiyle, T\u00fcrkiye ve Katar\u2019da e\u011fitilmesine ili\u015fkin ABD karar\u0131yla ilgili a\u00e7\u0131klamalar\u0131n\u0131n \u201cUluslararas\u0131 Koalisyon\u201d operasyonlar\u0131n\u0131n ba\u015far\u0131s\u0131zl\u0131klar\u0131ndan geldi\u011fini ifade etti.<\/p>\n<p>Rusya D\u0131\u015fi\u015fleri Bakanl\u0131\u011f\u0131 S\u00f6zc\u00fcs\u00fc Alexander Lukashevic bug\u00fcn Moskova\u2019da d\u00fczenledi\u011fi bas\u0131n konferans\u0131nda; ABD \u00f6nderli\u011finde olu\u015fturulan \u201cUluslararas\u0131 Koalisyonun\u201d ter\u00f6rle m\u00fccadele etkili olmamas\u0131n\u0131n sebebinin koalisyonun Uluslararas\u0131 G\u00fcvenlik Konseyini a\u015farak ve uluslararas\u0131 kanunlar\u0131 ihlal ederek d\u00fczenlenmesi olabilece\u011fine dikkat \u00e7ekti.<\/p>\n<p>Koalisyonun Suriye h\u00fck\u00fcmetini kapsamamas\u0131n\u0131n b\u00fcy\u00fck bir eksiklik te\u015fkil etti\u011finin alt\u0131n\u0131 \u00e7izen Lukashevic; ter\u00f6rle m\u00fccadelenin her ko\u015fulda uluslararas\u0131 kanunlar \u00e7er\u00e7evesinde y\u00fcr\u00fct\u00fclmesi gere\u011fini vurgulad\u0131.<\/p>\n<p>Lukashevic; Rusya\u2019n\u0131n ter\u00f6rle m\u00fccadeleye ili\u015fkin tutumunu kararl\u0131 bir \u015fekilde s\u00fcrd\u00fcrd\u00fc\u011f\u00fcn\u00fc ve uluslararas\u0131 b\u00fct\u00fcn toplant\u0131larda bu tutumu yans\u0131tt\u0131\u011f\u0131n\u0131 vurgulad\u0131.<\/p>\n<p>Bilinece\u011fi \u00fczere ABD, Suriye&#8217;de \u201cMutedil Muhalefet\u201d olarak isimlendirdi\u011fi ter\u00f6ristlerden 1200 unsurun silahland\u0131r\u0131larak e\u011fitilece\u011fini ilan etmi\u015fti.<\/p>\n<p>Washington s\u00f6z konusu unsurlar\u0131 m\u00fcttefikleriyle birlikte haz\u0131rlam\u0131\u015f oldu\u011fu e\u011fitim ve silahland\u0131rma program\u0131 \u00e7er\u00e7evesinde kendi ama\u00e7lar\u0131na hizmet etmeleri amac\u0131yla silahland\u0131rarak e\u011fitim sa\u011fl\u0131yor.<\/p>\n<p>F.B. &#8211; M.M.<\/p>\n","protected":false},"excerpt":{"rendered":"<p>MOSKOVA \u2013 Rusya D\u0131\u015fi\u015fleri Bakanla\u011f\u0131; ABD Savunma Bakanl\u0131\u011f\u0131 Pentagon S\u00f6zc\u00fcs\u00fc John Kerry\u2019nin Washington\u2019un isimlendirmesiyle \u201c\u0131l\u0131ml\u0131 muhalefete\u201d ba\u011fl\u0131 1200 unsurun, I\u015e\u0130D ter\u00f6r \u00f6rg\u00fct\u00fcne kar\u015f\u0131 m\u00fccadele etmeleri bahanesiyle, T\u00fcrkiye ve Katar\u2019da e\u011fitilmesine ili\u015fkin ABD karar\u0131yla ilgili a\u00e7\u0131klamalar\u0131n\u0131n \u201cUluslararas\u0131 Koalisyon\u201d operasyonlar\u0131n\u0131n ba\u015far\u0131s\u0131zl\u0131klar\u0131ndan geldi\u011fini ifade etti. Rusya D\u0131\u015fi\u015fleri Bakanl\u0131\u011f\u0131 S\u00f6zc\u00fcs\u00fc Alexander Lukashevic bug\u00fcn Moskova\u2019da d\u00fczenledi\u011fi bas\u0131n konferans\u0131nda; ABD \u00f6nderli\u011finde &hellip;<\/p>\n","protected":false},"author":1,"featured_media":15792,"comment_status":"closed","ping_status":"closed","sticky":false,"template":"","format":"standard","meta":{"footnotes":""},"categories":[458,459,447],"tags":[11631,11630,11629,11632],"class_list":["post-24303","post","type-post","status-publish","format-standard","has-post-thumbnail","","category-dunya1","category-haberler-arap-uluslararasi-politika","category-politika","tag-isid-teror-orgutune-karsi-mucadele-etmeleri-bahanesiyle","tag-moskova-rusya-disisleri-bakanlagi-abd-savunma-bakanligi-pentagon-sozcusu-john-kerrynin-washingtonun-isimlendirmesiyle-ilimli-muhalefete-bagli-1200-unsuru","tag-rusya-disisleri-bakanligi-terorle-mucadele-uluslararasi-kanunlar-kapsaminda-olmalidir","tag-turkiye-ve-katarda-egitilmesine-iliskin-abd-karariyla-ilgili-aciklamalarinin-uluslararasi-koalisyon-operasyonlarinin-basarisizliklarindan-geldigini-ifade-etti"],"_links":{"self":[{"href":"https:\/\/archive.sana.sy\/tr\/index.php?rest_route=\/wp\/v2\/posts\/24303","targetHints":{"allow":["GET"]}}],"collection":[{"href":"https:\/\/archive.sana.sy\/tr\/index.php?rest_route=\/wp\/v2\/posts"}],"about":[{"href":"https:\/\/archive.sana.sy\/tr\/index.php?rest_route=\/wp\/v2\/types\/post"}],"author":[{"embeddable":true,"href":"https:\/\/archive.sana.sy\/tr\/index.php?rest_route=\/wp\/v2\/users\/1"}],"replies":[{"embeddable":true,"href":"https:\/\/archive.sana.sy\/tr\/index.php?rest_route=%2Fwp%2Fv2%2Fcomments&post=24303"}],"version-history":[{"count":0,"href":"https:\/\/archive.sana.sy\/tr\/index.php?rest_route=\/wp\/v2\/posts\/24303\/revisions"}],"wp:featuredmedia":[{"embeddable":true,"href":"https:\/\/archive.sana.sy\/tr\/index.php?rest_route=\/wp\/v2\/media\/15792"}],"wp:attachment":[{"href":"https:\/\/archive.sana.sy\/tr\/index.php?rest_route=%2Fwp%2Fv2%2Fmedia&parent=24303"}],"wp:term":[{"taxonomy":"category","embeddable":true,"href":"https:\/\/archive.sana.sy\/tr\/index.php?rest_route=%2Fwp%2Fv2%2Fcategories&post=24303"},{"taxonomy":"post_tag","embeddable":true,"href":"https:\/\/archive.sana.sy\/tr\/index.php?rest_route=%2Fwp%2Fv2%2Ftags&post=24303"}],"curies":[{"name":"wp","href":"https:\/\/api.w.org\/{rel}","templated":true}]}}