{"id":243070,"date":"2021-09-14T15:02:21","date_gmt":"2021-09-14T12:02:21","guid":{"rendered":"http:\/\/107.6.182.27\/tr\/?p=243070"},"modified":"2021-09-15T08:12:10","modified_gmt":"2021-09-15T05:12:10","slug":"isgalci-amerika-suriyenin-el-cezire-bolgesinden-kuzey-iraktaki-uslerine-petrol-hirsizligina-devam-ediyor","status":"publish","type":"post","link":"https:\/\/archive.sana.sy\/tr\/?p=243070","title":{"rendered":"\u0130\u015fgalci Amerika Suriye&#8217;nin El Cezire B\u00f6lgesinden Kuzey Irak&#8217;taki \u00dcslerine Petrol H\u0131rs\u0131zl\u0131\u011f\u0131na Devam Ediyor"},"content":{"rendered":"<p>HASEKE \u2013 \u0130\u015fgalci Amerikan g\u00fc\u00e7leri Suriye&#8217;nin el Cezire b\u00f6lgesinden \u00e7al\u0131nt\u0131 petrol y\u00fckl\u00fc tanklar ve askeri te\u00e7hizat y\u00fckl\u00fc ara\u00e7lardan olu\u015fan bir konvoyu Haseke k\u0131rsal\u0131ndaki yasad\u0131\u015f\u0131 El Velid kap\u0131s\u0131ndan Irak topraklar\u0131na \u00e7\u0131kard\u0131.<\/p>\n<p>Haseke&#8217;nin kuzeydo\u011fu k\u0131rsal\u0131ndaki Ya&#8217;rubiye k\u0131rsal\u0131ndan yerel kaynaklar SANA muhabirine, Suriye&#8217;nin el Cezire b\u00f6lgesinden \u00e7al\u0131nt\u0131 petrol y\u00fckl\u00fc tankerler ve \u00e7ok say\u0131da top ta\u015f\u0131yan uzun ara\u00e7lar\u0131n, askeri ara\u00e7lar ve \u00e7ok say\u0131da Hummer arac\u0131 da dahil olmak \u00fczere 70 ara\u00e7l\u0131k bir konvoyun yasad\u0131\u015f\u0131 el Velid s\u0131n\u0131r kap\u0131s\u0131 \u00fczerinden Kuzey Irak&#8217;taki i\u015fgal \u00fcslerine do\u011fru Suriye topraklar\u0131n\u0131 terk ettiklerini ifade etti.<\/p>\n<p>Ayn\u0131 kapsamda Tel Hamis k\u0131rsal\u0131ndan yerel kaynaklar, Amerikan i\u015fgal g\u00fc\u00e7lerine ait askeri helikopterlerin \u00e7ok say\u0131da i\u015fgal askerini Irak topraklar\u0131na ta\u015f\u0131d\u0131\u011f\u0131n\u0131 s\u00f6yledi.<\/p>\n","protected":false},"excerpt":{"rendered":"<p>HASEKE \u2013 \u0130\u015fgalci Amerikan g\u00fc\u00e7leri Suriye&#8217;nin el Cezire b\u00f6lgesinden \u00e7al\u0131nt\u0131 petrol y\u00fckl\u00fc tanklar ve askeri te\u00e7hizat y\u00fckl\u00fc ara\u00e7lardan olu\u015fan bir konvoyu Haseke k\u0131rsal\u0131ndaki yasad\u0131\u015f\u0131 El Velid kap\u0131s\u0131ndan Irak topraklar\u0131na \u00e7\u0131kard\u0131. Haseke&#8217;nin kuzeydo\u011fu k\u0131rsal\u0131ndaki Ya&#8217;rubiye k\u0131rsal\u0131ndan yerel kaynaklar SANA muhabirine, Suriye&#8217;nin el Cezire b\u00f6lgesinden \u00e7al\u0131nt\u0131 petrol y\u00fckl\u00fc tankerler ve \u00e7ok say\u0131da top ta\u015f\u0131yan uzun ara\u00e7lar\u0131n, askeri &hellip;<\/p>\n","protected":false},"author":1,"featured_media":243071,"comment_status":"closed","ping_status":"closed","sticky":false,"template":"","format":"standard","meta":{"footnotes":""},"categories":[479,575,17988,478],"tags":[],"class_list":["post-243070","post","type-post","status-publish","format-standard","has-post-thumbnail","","category-haberler-yerel","category-olaylar-ve-gercekler","category-son-haberler","category-yerel"],"_links":{"self":[{"href":"https:\/\/archive.sana.sy\/tr\/index.php?rest_route=\/wp\/v2\/posts\/243070","targetHints":{"allow":["GET"]}}],"collection":[{"href":"https:\/\/archive.sana.sy\/tr\/index.php?rest_route=\/wp\/v2\/posts"}],"about":[{"href":"https:\/\/archive.sana.sy\/tr\/index.php?rest_route=\/wp\/v2\/types\/post"}],"author":[{"embeddable":true,"href":"https:\/\/archive.sana.sy\/tr\/index.php?rest_route=\/wp\/v2\/users\/1"}],"replies":[{"embeddable":true,"href":"https:\/\/archive.sana.sy\/tr\/index.php?rest_route=%2Fwp%2Fv2%2Fcomments&post=243070"}],"version-history":[{"count":0,"href":"https:\/\/archive.sana.sy\/tr\/index.php?rest_route=\/wp\/v2\/posts\/243070\/revisions"}],"wp:featuredmedia":[{"embeddable":true,"href":"https:\/\/archive.sana.sy\/tr\/index.php?rest_route=\/wp\/v2\/media\/243071"}],"wp:attachment":[{"href":"https:\/\/archive.sana.sy\/tr\/index.php?rest_route=%2Fwp%2Fv2%2Fmedia&parent=243070"}],"wp:term":[{"taxonomy":"category","embeddable":true,"href":"https:\/\/archive.sana.sy\/tr\/index.php?rest_route=%2Fwp%2Fv2%2Fcategories&post=243070"},{"taxonomy":"post_tag","embeddable":true,"href":"https:\/\/archive.sana.sy\/tr\/index.php?rest_route=%2Fwp%2Fv2%2Ftags&post=243070"}],"curies":[{"name":"wp","href":"https:\/\/api.w.org\/{rel}","templated":true}]}}