{"id":243088,"date":"2021-09-14T16:42:17","date_gmt":"2021-09-14T13:42:17","guid":{"rendered":"http:\/\/107.6.182.27\/tr\/?p=243088"},"modified":"2021-09-15T14:08:17","modified_gmt":"2021-09-15T11:08:17","slug":"kabine-haftalik-oturumunda-pozitif-mudahale-kurumlarinin-rolunun-guclendirilmesi-ve-mallar-uzerindeki-tekel-ile-mucadeleyi-tartisti","status":"publish","type":"post","link":"https:\/\/archive.sana.sy\/tr\/?p=243088","title":{"rendered":"Kabine Haftal\u0131k Oturumunda Pozitif M\u00fcdahale Kurumlar\u0131n\u0131n Rol\u00fcn\u00fcn G\u00fc\u00e7lendirilmesi ve Mallar \u00dczerindeki Tekel \u0130le M\u00fccadeleyi Tart\u0131\u015ft\u0131"},"content":{"rendered":"<p>\u015eAM \u2013 Bakanlar Kurulu, Ba\u015fbakan H\u00fcseyin Arnus ba\u015fkanl\u0131\u011f\u0131ndaki haftal\u0131k oturumunda, yerel pazarlarda emtia ve \u00fcr\u00fcn fiyatlar\u0131n\u0131n ger\u00e7ekli\u011fini, tekel kar\u015f\u0131t\u0131 \u00f6nlemleri ve ticari faaliyetlerin \u0130\u00e7 Ticaret Bakanl\u0131\u011f\u0131 taraf\u0131ndan yay\u0131nlanan fiyat b\u00fcltenine ba\u011fl\u0131l\u0131\u011f\u0131n\u0131 tart\u0131\u015ft\u0131.<\/p>\n<p><a href=\"http:\/\/107.6.182.27\/tr\/wp-content\/uploads\/2021\/09\/5-120111.jpg\"><img loading=\"lazy\" decoding=\"async\" class=\"alignright size-medium wp-image-243093\" src=\"http:\/\/107.6.182.27\/tr\/wp-content\/uploads\/2021\/09\/5-120111-300x180.jpg\" alt=\"\" width=\"300\" height=\"180\" srcset=\"https:\/\/archive.sana.sy\/tr\/wp-content\/uploads\/2021\/09\/5-120111-300x180.jpg 300w, https:\/\/archive.sana.sy\/tr\/wp-content\/uploads\/2021\/09\/5-120111-150x90.jpg 150w, https:\/\/archive.sana.sy\/tr\/wp-content\/uploads\/2021\/09\/5-120111.jpg 660w\" sizes=\"auto, (max-width: 300px) 100vw, 300px\" \/><\/a>Toplant\u0131da Ba\u015fbakan Arnus, yeni yat\u0131r\u0131m yasas\u0131n\u0131n uygulanmas\u0131 i\u00e7in uygun ortam\u0131n yarat\u0131lmas\u0131n\u0131n ve bu hafta sonunda onaylanabilmeleri i\u00e7in y\u00fcr\u00fctme talimatlar\u0131n\u0131n nihai hallerinin uygulanmas\u0131n\u0131n tamamlanmas\u0131n\u0131n \u00f6nemini ve bakanl\u0131k bildirisinde yer alan projelerin belirlenen takvimlere g\u00f6re do\u011frudan hayata ge\u00e7irilmesi gerekti\u011fini vurgulad\u0131.<\/p>\n<p>Kabine, akaryak\u0131t istasyonlar\u0131 arac\u0131l\u0131\u011f\u0131yla petrol t\u00fcrevlerini da\u011f\u0131tma mekanizmas\u0131, mevcut olumsuzluklar ve bunlar\u0131 ele almak ve da\u011f\u0131t\u0131m mekanizmas\u0131n\u0131 iyile\u015ftirmek i\u00e7in gerekli prosed\u00fcrler hakk\u0131nda bir de\u011ferlendirme yapt\u0131. \u00d6te yandan Kabine, Suriye Telekom \u015eirketi&#8217;ne \u015febekenin hasarl\u0131 altyap\u0131s\u0131n\u0131 iyile\u015ftirme f\u0131rsat\u0131 sa\u011flamak i\u00e7in Telekom\u00fcnikasyon Kanunu ve de\u011fi\u015fikliklerinde \u00f6ng\u00f6r\u00fclen s\u00fcreyi uzatmak i\u00e7in bir yasa tasar\u0131s\u0131n\u0131 g\u00f6r\u00fc\u015ft\u00fc.<\/p>\n<p><a href=\"http:\/\/107.6.182.27\/tr\/wp-content\/uploads\/2021\/09\/2222222.jpg\"><img loading=\"lazy\" decoding=\"async\" class=\"alignright size-medium wp-image-243094\" src=\"http:\/\/107.6.182.27\/tr\/wp-content\/uploads\/2021\/09\/2222222-300x177.jpg\" alt=\"\" width=\"300\" height=\"177\" srcset=\"https:\/\/archive.sana.sy\/tr\/wp-content\/uploads\/2021\/09\/2222222-300x177.jpg 300w, https:\/\/archive.sana.sy\/tr\/wp-content\/uploads\/2021\/09\/2222222-150x88.jpg 150w, https:\/\/archive.sana.sy\/tr\/wp-content\/uploads\/2021\/09\/2222222.jpg 660w\" sizes=\"auto, (max-width: 300px) 100vw, 300px\" \/><\/a>Bakanlar Kurulu, \u00fclkeye d\u00f6n\u00fc\u015f i\u00e7in uygun ortam\u0131 sa\u011flamak amac\u0131yla gurbet\u00e7ilerle ve gurbetteki ekonomik faaliyet sahipleriyle ileti\u015fim kurmakla g\u00f6revli komitenin \u00e7al\u0131\u015fmalar\u0131n\u0131n sonu\u00e7lar\u0131na ili\u015fkin bir sunumu dinledi.<\/p>\n<p>Ba\u015fka bir ba\u011flamda Kabine, dost \u00fclkelerle uluslararas\u0131 i\u015fbirli\u011fi dosyalar\u0131n\u0131n takibini onaylad\u0131 ve bakanl\u0131klara, Suriye-Rusya Ortak Komitesi toplant\u0131lar\u0131n\u0131n on \u00fc\u00e7\u00fcnc\u00fc oturumuna iyi haz\u0131rlanmalar\u0131 talimat\u0131n\u0131 verdi.<\/p>\n<p>Kabine ayr\u0131ca, bir dizi hizmet ve geli\u015ftirme projesini onaylarken, hayvanc\u0131l\u0131k alan\u0131nda 2021-2022 tar\u0131m sezonu i\u00e7in tar\u0131msal \u00fcretim plan\u0131n\u0131 de\u011fi\u015ftirdi.<\/p>\n<p>P.M.<\/p>\n","protected":false},"excerpt":{"rendered":"<p>\u015eAM \u2013 Bakanlar Kurulu, Ba\u015fbakan H\u00fcseyin Arnus ba\u015fkanl\u0131\u011f\u0131ndaki haftal\u0131k oturumunda, yerel pazarlarda emtia ve \u00fcr\u00fcn fiyatlar\u0131n\u0131n ger\u00e7ekli\u011fini, tekel kar\u015f\u0131t\u0131 \u00f6nlemleri ve ticari faaliyetlerin \u0130\u00e7 Ticaret Bakanl\u0131\u011f\u0131 taraf\u0131ndan yay\u0131nlanan fiyat b\u00fcltenine ba\u011fl\u0131l\u0131\u011f\u0131n\u0131 tart\u0131\u015ft\u0131. Toplant\u0131da Ba\u015fbakan Arnus, yeni yat\u0131r\u0131m yasas\u0131n\u0131n uygulanmas\u0131 i\u00e7in uygun ortam\u0131n yarat\u0131lmas\u0131n\u0131n ve bu hafta sonunda onaylanabilmeleri i\u00e7in y\u00fcr\u00fctme talimatlar\u0131n\u0131n nihai hallerinin uygulanmas\u0131n\u0131n tamamlanmas\u0131n\u0131n &hellip;<\/p>\n","protected":false},"author":1,"featured_media":243092,"comment_status":"closed","ping_status":"closed","sticky":false,"template":"","format":"standard","meta":{"footnotes":""},"categories":[485,486,479,17988,478],"tags":[],"class_list":["post-243088","post","type-post","status-publish","format-standard","has-post-thumbnail","","category-is-ve-sermaye","category-haberler-is-ve-sermaye","category-haberler-yerel","category-son-haberler","category-yerel"],"_links":{"self":[{"href":"https:\/\/archive.sana.sy\/tr\/index.php?rest_route=\/wp\/v2\/posts\/243088","targetHints":{"allow":["GET"]}}],"collection":[{"href":"https:\/\/archive.sana.sy\/tr\/index.php?rest_route=\/wp\/v2\/posts"}],"about":[{"href":"https:\/\/archive.sana.sy\/tr\/index.php?rest_route=\/wp\/v2\/types\/post"}],"author":[{"embeddable":true,"href":"https:\/\/archive.sana.sy\/tr\/index.php?rest_route=\/wp\/v2\/users\/1"}],"replies":[{"embeddable":true,"href":"https:\/\/archive.sana.sy\/tr\/index.php?rest_route=%2Fwp%2Fv2%2Fcomments&post=243088"}],"version-history":[{"count":0,"href":"https:\/\/archive.sana.sy\/tr\/index.php?rest_route=\/wp\/v2\/posts\/243088\/revisions"}],"wp:featuredmedia":[{"embeddable":true,"href":"https:\/\/archive.sana.sy\/tr\/index.php?rest_route=\/wp\/v2\/media\/243092"}],"wp:attachment":[{"href":"https:\/\/archive.sana.sy\/tr\/index.php?rest_route=%2Fwp%2Fv2%2Fmedia&parent=243088"}],"wp:term":[{"taxonomy":"category","embeddable":true,"href":"https:\/\/archive.sana.sy\/tr\/index.php?rest_route=%2Fwp%2Fv2%2Fcategories&post=243088"},{"taxonomy":"post_tag","embeddable":true,"href":"https:\/\/archive.sana.sy\/tr\/index.php?rest_route=%2Fwp%2Fv2%2Ftags&post=243088"}],"curies":[{"name":"wp","href":"https:\/\/api.w.org\/{rel}","templated":true}]}}