{"id":243121,"date":"2021-09-15T08:28:20","date_gmt":"2021-09-15T05:28:20","guid":{"rendered":"http:\/\/107.6.182.27\/tr\/?p=243121"},"modified":"2021-09-16T08:19:16","modified_gmt":"2021-09-16T05:19:16","slug":"buyukelci-ala-turk-rejiminin-suriyedeki-uygulamalari-insanlik-sucudur","status":"publish","type":"post","link":"https:\/\/archive.sana.sy\/tr\/?p=243121","title":{"rendered":"B\u00fcy\u00fckel\u00e7i Ala: T\u00fcrk Rejiminin Suriye&#8217;deki Uygulamalar\u0131 \u0130nsanl\u0131k Su\u00e7udur"},"content":{"rendered":"<p>CENEVRE \u2013 \u00a0Suriye\u2019nin Cenevre\u2019deki Birle\u015fmi\u015f Milletler Suriye&#8217;nin Cenevre&#8217;deki Birle\u015fmi\u015f Milletler Ofisi ve Uluslararas\u0131 \u00d6rg\u00fctler nezdindeki daimi temsilcisi B\u00fcy\u00fckel\u00e7i Husamettin Ala, \u0130nsan Haklar\u0131 Konseyi ve Y\u00fcksek Komiser&#8217;i T\u00fcrk rejiminin Suriye halk\u0131na y\u00f6nelik sald\u0131r\u0131lar\u0131nda suyu silah olarak kullanma ve toplu cezaland\u0131rma uygulamalar\u0131na son vermeye \u00e7a\u011f\u0131rd\u0131.<\/p>\n<p>\u0130nsan Haklar\u0131 Y\u00fcksek Komiseri&#8217;nin \u0130nsan Haklar\u0131 Konseyi&#8217;nin k\u0131rk sekizinci oturumunda verdi\u011fi brifingi tart\u0131\u015fan B\u00fcy\u00fckel\u00e7i Ala, T\u00fcrk rejiminin insanl\u0131k su\u00e7una varan uygulamalar\u0131n\u0131n bug\u00fcn milyonlarca Suriyeliyi temel haklar\u0131n\u0131 tehdit eden feci insani ko\u015fullara maruz b\u0131rakt\u0131\u011f\u0131n\u0131 vurgulad\u0131.<\/p>\n<p>B\u00fcy\u00fckel\u00e7i Ala, insan haklar\u0131 durumuna, Birle\u015fmi\u015f Milletler \u015eart\u0131na sayg\u0131l\u0131 ve yap\u0131c\u0131 diyaloga dayal\u0131, nesnel ve tarafs\u0131z bir \u015fekilde yakla\u015fman\u0131n \u00f6nemini vergulad\u0131.<\/p>\n<p>B\u00fcy\u00fckel\u00e7i Ala, korona salg\u0131n\u0131 \u0131\u015f\u0131\u011f\u0131nda ba\u015fta kalk\u0131nma hakk\u0131 olmak \u00fczere ekonomik, sosyal ve k\u00fclt\u00fcrel haklara ve \u0131rk\u00e7\u0131l\u0131\u011f\u0131n ve \u0131rk ayr\u0131mc\u0131l\u0131\u011f\u0131n\u0131n artmas\u0131yla ilgili zorluklara ve tek tarafl\u0131 zorlay\u0131c\u0131 yapt\u0131r\u0131mlar\u0131n olumsuz yans\u0131malar\u0131na \u00f6zel dikkat g\u00f6sterilmesi gerekti\u011fini a\u00e7\u0131klad\u0131.<\/p>\n<p>B\u00fcy\u00fckel\u00e7i Ala, salg\u0131n\u0131n derin sonu\u00e7lar\u0131ndan kurtulman\u0131n e\u015fg\u00fcd\u00fcml\u00fc bir k\u00fcresel yan\u0131t ve korona a\u015f\u0131s\u0131na adil ve hakkaniyetli eri\u015fimin sa\u011flanmas\u0131 gerekti\u011fini belirtti.<\/p>\n<p>B\u00fcy\u00fckel\u00e7i Ala, Suriye&#8217;nin Y\u00fcksek Komiser&#8217;e \u0130srail i\u015fgal varl\u0131\u011f\u0131n\u0131n i\u015fgal alt\u0131ndaki Suriye Golan&#8217;da Suriyelilere kar\u015f\u0131 ger\u00e7ekle\u015ftirdi\u011fi ihlallere, keyfi ve ayr\u0131mc\u0131 uygulamalara daha fazla dikkat etmesi \u00e7a\u011fr\u0131s\u0131n\u0131 yineledi.<\/p>\n","protected":false},"excerpt":{"rendered":"<p>CENEVRE \u2013 \u00a0Suriye\u2019nin Cenevre\u2019deki Birle\u015fmi\u015f Milletler Suriye&#8217;nin Cenevre&#8217;deki Birle\u015fmi\u015f Milletler Ofisi ve Uluslararas\u0131 \u00d6rg\u00fctler nezdindeki daimi temsilcisi B\u00fcy\u00fckel\u00e7i Husamettin Ala, \u0130nsan Haklar\u0131 Konseyi ve Y\u00fcksek Komiser&#8217;i T\u00fcrk rejiminin Suriye halk\u0131na y\u00f6nelik sald\u0131r\u0131lar\u0131nda suyu silah olarak kullanma ve toplu cezaland\u0131rma uygulamalar\u0131na son vermeye \u00e7a\u011f\u0131rd\u0131. \u0130nsan Haklar\u0131 Y\u00fcksek Komiseri&#8217;nin \u0130nsan Haklar\u0131 Konseyi&#8217;nin k\u0131rk sekizinci oturumunda verdi\u011fi brifingi &hellip;<\/p>\n","protected":false},"author":36,"featured_media":243122,"comment_status":"closed","ping_status":"closed","sticky":false,"template":"","format":"standard","meta":{"footnotes":""},"categories":[458,459,17988],"tags":[],"class_list":["post-243121","post","type-post","status-publish","format-standard","has-post-thumbnail","","category-dunya1","category-haberler-arap-uluslararasi-politika","category-son-haberler"],"_links":{"self":[{"href":"https:\/\/archive.sana.sy\/tr\/index.php?rest_route=\/wp\/v2\/posts\/243121","targetHints":{"allow":["GET"]}}],"collection":[{"href":"https:\/\/archive.sana.sy\/tr\/index.php?rest_route=\/wp\/v2\/posts"}],"about":[{"href":"https:\/\/archive.sana.sy\/tr\/index.php?rest_route=\/wp\/v2\/types\/post"}],"author":[{"embeddable":true,"href":"https:\/\/archive.sana.sy\/tr\/index.php?rest_route=\/wp\/v2\/users\/36"}],"replies":[{"embeddable":true,"href":"https:\/\/archive.sana.sy\/tr\/index.php?rest_route=%2Fwp%2Fv2%2Fcomments&post=243121"}],"version-history":[{"count":0,"href":"https:\/\/archive.sana.sy\/tr\/index.php?rest_route=\/wp\/v2\/posts\/243121\/revisions"}],"wp:featuredmedia":[{"embeddable":true,"href":"https:\/\/archive.sana.sy\/tr\/index.php?rest_route=\/wp\/v2\/media\/243122"}],"wp:attachment":[{"href":"https:\/\/archive.sana.sy\/tr\/index.php?rest_route=%2Fwp%2Fv2%2Fmedia&parent=243121"}],"wp:term":[{"taxonomy":"category","embeddable":true,"href":"https:\/\/archive.sana.sy\/tr\/index.php?rest_route=%2Fwp%2Fv2%2Fcategories&post=243121"},{"taxonomy":"post_tag","embeddable":true,"href":"https:\/\/archive.sana.sy\/tr\/index.php?rest_route=%2Fwp%2Fv2%2Ftags&post=243121"}],"curies":[{"name":"wp","href":"https:\/\/api.w.org\/{rel}","templated":true}]}}