{"id":243128,"date":"2021-09-15T10:42:35","date_gmt":"2021-09-15T07:42:35","guid":{"rendered":"http:\/\/107.6.182.27\/tr\/?p=243128"},"modified":"2021-09-18T08:51:30","modified_gmt":"2021-09-18T05:51:30","slug":"israil-isgal-gucleri-bati-yakada-2-filistinliyi-tutukladi-5","status":"publish","type":"post","link":"https:\/\/archive.sana.sy\/tr\/?p=243128","title":{"rendered":"\u0130srail \u0130\u015fgal G\u00fc\u00e7leri, Bat\u0131 Yaka\u2019da 2 Filistinliyi Tutuklad\u0131"},"content":{"rendered":"<p>\u0130\u015eGAL ALTINDAK\u0130 KUD\u00dcS \u2013 \u0130srail i\u015fgal g\u00fc\u00e7leri, Bat\u0131 Yaka\u2019da 2 Filistinliyi tutuklad\u0131.<\/p>\n<p>WAFA Haber Ajans\u0131, \u0130srail i\u015fgal g\u00fc\u00e7lerinin, Nablus\u2019un g\u00fcneyinde yer alan El Bira kenti ve Havara beldesine bask\u0131n d\u00fczenleyip 2 Filistinliyi tutuklad\u0131\u011f\u0131n\u0131 belirtti.<\/p>\n","protected":false},"excerpt":{"rendered":"<p>\u0130\u015eGAL ALTINDAK\u0130 KUD\u00dcS \u2013 \u0130srail i\u015fgal g\u00fc\u00e7leri, Bat\u0131 Yaka\u2019da 2 Filistinliyi tutuklad\u0131. WAFA Haber Ajans\u0131, \u0130srail i\u015fgal g\u00fc\u00e7lerinin, Nablus\u2019un g\u00fcneyinde yer alan El Bira kenti ve Havara beldesine bask\u0131n d\u00fczenleyip 2 Filistinliyi tutuklad\u0131\u011f\u0131n\u0131 belirtti.<\/p>\n","protected":false},"author":36,"featured_media":243129,"comment_status":"closed","ping_status":"closed","sticky":false,"template":"","format":"standard","meta":{"footnotes":""},"categories":[458,459,17988],"tags":[],"class_list":["post-243128","post","type-post","status-publish","format-standard","has-post-thumbnail","","category-dunya1","category-haberler-arap-uluslararasi-politika","category-son-haberler"],"_links":{"self":[{"href":"https:\/\/archive.sana.sy\/tr\/index.php?rest_route=\/wp\/v2\/posts\/243128","targetHints":{"allow":["GET"]}}],"collection":[{"href":"https:\/\/archive.sana.sy\/tr\/index.php?rest_route=\/wp\/v2\/posts"}],"about":[{"href":"https:\/\/archive.sana.sy\/tr\/index.php?rest_route=\/wp\/v2\/types\/post"}],"author":[{"embeddable":true,"href":"https:\/\/archive.sana.sy\/tr\/index.php?rest_route=\/wp\/v2\/users\/36"}],"replies":[{"embeddable":true,"href":"https:\/\/archive.sana.sy\/tr\/index.php?rest_route=%2Fwp%2Fv2%2Fcomments&post=243128"}],"version-history":[{"count":0,"href":"https:\/\/archive.sana.sy\/tr\/index.php?rest_route=\/wp\/v2\/posts\/243128\/revisions"}],"wp:featuredmedia":[{"embeddable":true,"href":"https:\/\/archive.sana.sy\/tr\/index.php?rest_route=\/wp\/v2\/media\/243129"}],"wp:attachment":[{"href":"https:\/\/archive.sana.sy\/tr\/index.php?rest_route=%2Fwp%2Fv2%2Fmedia&parent=243128"}],"wp:term":[{"taxonomy":"category","embeddable":true,"href":"https:\/\/archive.sana.sy\/tr\/index.php?rest_route=%2Fwp%2Fv2%2Fcategories&post=243128"},{"taxonomy":"post_tag","embeddable":true,"href":"https:\/\/archive.sana.sy\/tr\/index.php?rest_route=%2Fwp%2Fv2%2Ftags&post=243128"}],"curies":[{"name":"wp","href":"https:\/\/api.w.org\/{rel}","templated":true}]}}