{"id":24313,"date":"2015-02-19T19:57:47","date_gmt":"2015-02-19T17:57:47","guid":{"rendered":"http:\/\/www.sana.sy\/tr\/?p=24313"},"modified":"2015-02-19T19:57:47","modified_gmt":"2015-02-19T17:57:47","slug":"radikal-teror-dunya-barisina-ciddi-bir-tehdit-olusturuyor","status":"publish","type":"post","link":"https:\/\/archive.sana.sy\/tr\/?p=24313","title":{"rendered":"Radikal Ter\u00f6r D\u00fcnya Bar\u0131\u015f\u0131na Ciddi Bir Tehdit Olu\u015fturuyor"},"content":{"rendered":"<p>NEW YORK \u2013 Birle\u015fmi\u015f Milletler Genel Sekreteri Ban Ki-mon; uluslar aras\u0131 bir meydan okuma te\u015fkil etmesiyle birlikte hi\u00e7bir devletin tek ba\u015f\u0131na alt etmesi m\u00fcmk\u00fcn olmayan radikallik ve ter\u00f6re kar\u015f\u0131 m\u00fccadelede \u00e7abalar\u0131 birle\u015ftirme gere\u011fini belirtti.<\/p>\n<p>Washington\u2019da d\u00fczenlenen ter\u00f6rle m\u00fccadele konferans\u0131nda konu\u015fan Ban; radikallik ve \u015fiddetin engellenmesi amac\u0131yla BM\u2019nin kapsaml\u0131 bir strateji \u00fczerine \u00e7al\u0131\u015fmaya haz\u0131r oldu\u011funu \u00f6ne s\u00fcrd\u00fc.<\/p>\n<p>Ban I\u015e\u0130D ve Buko Haram dahil s\u0131n\u0131rlar\u0131 ge\u00e7en t\u00fcm ter\u00f6r \u00f6rg\u00fctlerin uluslar aras\u0131 bar\u0131\u015f ve istikrara b\u00fcy\u00fck bir tehlike olu\u015fturdu\u011funu s\u00f6yledi.<\/p>\n<p>Radikallerin \u015fiddet ve fitne i\u00e7in bir stratejileri oldu\u011funu s\u00f6yleyen Ban; bu \u00f6rg\u00fctlerin i\u015fsiz gen\u00e7leri ve medya ara\u00e7lar\u0131n\u0131 ciddi \u015fekilde kulland\u0131klar\u0131na dikkat \u00e7ekti.<\/p>\n<p>Ban radikalli\u011fe kar\u015f\u0131 koyman\u0131n b\u00fct\u00fcnsel bir sistem gerektirdi\u011fini ifade ederken, bu konuda askeri operasyonlar\u0131n \u00f6nemli oldu\u011funu \u00f6ne s\u00fcrd\u00fc.<\/p>\n<p>Bu arada ABD hegemonyas\u0131 alt\u0131ndaki BM; Suriye ve t\u00fcm b\u00f6lgede radikal ter\u00f6r kar\u015f\u0131s\u0131nda pasif ve bir\u00e7ok zamanda da te\u015fviksel bir tutum tak\u0131nmaktad\u0131r.<\/p>\n<p>A.A. &#8211; M. M.<\/p>\n","protected":false},"excerpt":{"rendered":"<p>NEW YORK \u2013 Birle\u015fmi\u015f Milletler Genel Sekreteri Ban Ki-mon; uluslar aras\u0131 bir meydan okuma te\u015fkil etmesiyle birlikte hi\u00e7bir devletin tek ba\u015f\u0131na alt etmesi m\u00fcmk\u00fcn olmayan radikallik ve ter\u00f6re kar\u015f\u0131 m\u00fccadelede \u00e7abalar\u0131 birle\u015ftirme gere\u011fini belirtti. Washington\u2019da d\u00fczenlenen ter\u00f6rle m\u00fccadele konferans\u0131nda konu\u015fan Ban; radikallik ve \u015fiddetin engellenmesi amac\u0131yla BM\u2019nin kapsaml\u0131 bir strateji \u00fczerine \u00e7al\u0131\u015fmaya haz\u0131r oldu\u011funu \u00f6ne &hellip;<\/p>\n","protected":false},"author":1,"featured_media":24315,"comment_status":"closed","ping_status":"closed","sticky":false,"template":"","format":"standard","meta":{"footnotes":""},"categories":[458,459,447],"tags":[11636,11635],"class_list":["post-24313","post","type-post","status-publish","format-standard","has-post-thumbnail","","category-dunya1","category-haberler-arap-uluslararasi-politika","category-politika","tag-new-york-birlesmis-milletler-genel-sekreteri-ban-ki-mon-uluslar-arasi-bir-meydan-okuma-teskil-etmesiyle-birlikte-hicbir-devletin-tek-basina-alt-etmesi-mumkun-olmayan-radikallik-ve-terore-ka","tag-radikal-teror-dunya-barisina-ciddi-bir-tehdit-olusturuyor"],"_links":{"self":[{"href":"https:\/\/archive.sana.sy\/tr\/index.php?rest_route=\/wp\/v2\/posts\/24313","targetHints":{"allow":["GET"]}}],"collection":[{"href":"https:\/\/archive.sana.sy\/tr\/index.php?rest_route=\/wp\/v2\/posts"}],"about":[{"href":"https:\/\/archive.sana.sy\/tr\/index.php?rest_route=\/wp\/v2\/types\/post"}],"author":[{"embeddable":true,"href":"https:\/\/archive.sana.sy\/tr\/index.php?rest_route=\/wp\/v2\/users\/1"}],"replies":[{"embeddable":true,"href":"https:\/\/archive.sana.sy\/tr\/index.php?rest_route=%2Fwp%2Fv2%2Fcomments&post=24313"}],"version-history":[{"count":0,"href":"https:\/\/archive.sana.sy\/tr\/index.php?rest_route=\/wp\/v2\/posts\/24313\/revisions"}],"wp:featuredmedia":[{"embeddable":true,"href":"https:\/\/archive.sana.sy\/tr\/index.php?rest_route=\/wp\/v2\/media\/24315"}],"wp:attachment":[{"href":"https:\/\/archive.sana.sy\/tr\/index.php?rest_route=%2Fwp%2Fv2%2Fmedia&parent=24313"}],"wp:term":[{"taxonomy":"category","embeddable":true,"href":"https:\/\/archive.sana.sy\/tr\/index.php?rest_route=%2Fwp%2Fv2%2Fcategories&post=24313"},{"taxonomy":"post_tag","embeddable":true,"href":"https:\/\/archive.sana.sy\/tr\/index.php?rest_route=%2Fwp%2Fv2%2Ftags&post=24313"}],"curies":[{"name":"wp","href":"https:\/\/api.w.org\/{rel}","templated":true}]}}