{"id":243168,"date":"2021-09-16T12:54:33","date_gmt":"2021-09-16T09:54:33","guid":{"rendered":"http:\/\/107.6.182.27\/tr\/?p=243168"},"modified":"2021-09-18T08:51:48","modified_gmt":"2021-09-18T05:51:48","slug":"hama-kirsalinda-bir-mayin-patladi-bir-vatandas-yaralandi","status":"publish","type":"post","link":"https:\/\/archive.sana.sy\/tr\/?p=243168","title":{"rendered":"Hama K\u0131rsal\u0131nda Bir May\u0131n Patlad\u0131, Bir Vatanda\u015f Yaraland\u0131"},"content":{"rendered":"<p>HAMA \u2013 Hama\u2019n\u0131n do\u011fusundaki El Selemiye b\u00f6lgesinde yer alan Akeyirbat beldesinde, ter\u00f6r gruplar\u0131ndan kalan bir may\u0131n\u0131n patlams\u0131 sonucunda bir vatanda\u015f yaraland\u0131.<\/p>\n<p>\u0130l Emniyet M\u00fcd\u00fcrl\u00fc\u011f\u00fcnden bir kaynak SANA Muhabirine, Selemiye k\u0131rsal\u0131nda yer alan Akeyirbat beldesinde, ter\u00f6r gruplar\u0131ndan kalan bir may\u0131n\u0131n patlamas\u0131 sonucunda bir vatanda\u015f\u0131n yaraland\u0131\u011f\u0131n\u0131 belirtti.<\/p>\n","protected":false},"excerpt":{"rendered":"<p>HAMA \u2013 Hama\u2019n\u0131n do\u011fusundaki El Selemiye b\u00f6lgesinde yer alan Akeyirbat beldesinde, ter\u00f6r gruplar\u0131ndan kalan bir may\u0131n\u0131n patlams\u0131 sonucunda bir vatanda\u015f yaraland\u0131. \u0130l Emniyet M\u00fcd\u00fcrl\u00fc\u011f\u00fcnden bir kaynak SANA Muhabirine, Selemiye k\u0131rsal\u0131nda yer alan Akeyirbat beldesinde, ter\u00f6r gruplar\u0131ndan kalan bir may\u0131n\u0131n patlamas\u0131 sonucunda bir vatanda\u015f\u0131n yaraland\u0131\u011f\u0131n\u0131 belirtti.<\/p>\n","protected":false},"author":36,"featured_media":243169,"comment_status":"closed","ping_status":"closed","sticky":false,"template":"","format":"standard","meta":{"footnotes":""},"categories":[479,575,17988,478],"tags":[],"class_list":["post-243168","post","type-post","status-publish","format-standard","has-post-thumbnail","","category-haberler-yerel","category-olaylar-ve-gercekler","category-son-haberler","category-yerel"],"_links":{"self":[{"href":"https:\/\/archive.sana.sy\/tr\/index.php?rest_route=\/wp\/v2\/posts\/243168","targetHints":{"allow":["GET"]}}],"collection":[{"href":"https:\/\/archive.sana.sy\/tr\/index.php?rest_route=\/wp\/v2\/posts"}],"about":[{"href":"https:\/\/archive.sana.sy\/tr\/index.php?rest_route=\/wp\/v2\/types\/post"}],"author":[{"embeddable":true,"href":"https:\/\/archive.sana.sy\/tr\/index.php?rest_route=\/wp\/v2\/users\/36"}],"replies":[{"embeddable":true,"href":"https:\/\/archive.sana.sy\/tr\/index.php?rest_route=%2Fwp%2Fv2%2Fcomments&post=243168"}],"version-history":[{"count":0,"href":"https:\/\/archive.sana.sy\/tr\/index.php?rest_route=\/wp\/v2\/posts\/243168\/revisions"}],"wp:featuredmedia":[{"embeddable":true,"href":"https:\/\/archive.sana.sy\/tr\/index.php?rest_route=\/wp\/v2\/media\/243169"}],"wp:attachment":[{"href":"https:\/\/archive.sana.sy\/tr\/index.php?rest_route=%2Fwp%2Fv2%2Fmedia&parent=243168"}],"wp:term":[{"taxonomy":"category","embeddable":true,"href":"https:\/\/archive.sana.sy\/tr\/index.php?rest_route=%2Fwp%2Fv2%2Fcategories&post=243168"},{"taxonomy":"post_tag","embeddable":true,"href":"https:\/\/archive.sana.sy\/tr\/index.php?rest_route=%2Fwp%2Fv2%2Ftags&post=243168"}],"curies":[{"name":"wp","href":"https:\/\/api.w.org\/{rel}","templated":true}]}}