{"id":24317,"date":"2015-02-19T20:14:54","date_gmt":"2015-02-19T18:14:54","guid":{"rendered":"http:\/\/www.sana.sy\/tr\/?p=24317"},"modified":"2015-02-19T20:27:36","modified_gmt":"2015-02-19T18:27:36","slug":"suriyede-teror-saflarinda-mevcut-vatandaslarinin-donusunden-endiseli","status":"publish","type":"post","link":"https:\/\/archive.sana.sy\/tr\/?p=24317","title":{"rendered":"Suriye&#8217;de Ter\u00f6r Saflar\u0131nda Mevcut Vatanda\u015flar\u0131n\u0131n D\u00f6n\u00fc\u015f\u00fcnden Endi\u015feli"},"content":{"rendered":"<p>\u015eAM \u2013 \u0130\u00e7i\u015fleri Bakan\u0131 Muhammed el \u015eaar bug\u00fcn Endonezya\u2019n\u0131n \u015eam B\u00fcy\u00fckel\u00e7isi Joko Harianto ile ter\u00f6rle m\u00fccadelede iki \u00fclke aras\u0131ndaki i\u015fbirli\u011fini masaya yat\u0131rd\u0131.<\/p>\n<p><a href=\"http:\/\/www.sana.sy\/tr\/wp-content\/uploads\/2015\/02\/\u015eaar-1.jpg\"><img loading=\"lazy\" decoding=\"async\" class=\"alignright wp-image-24319 size-medium\" src=\"http:\/\/www.sana.sy\/tr\/wp-content\/uploads\/2015\/02\/\u015eaar-1-300x170.jpg\" alt=\"\u015eaar 1\" width=\"300\" height=\"170\" srcset=\"https:\/\/archive.sana.sy\/tr\/wp-content\/uploads\/2015\/02\/\u015eaar-1-300x170.jpg 300w, https:\/\/archive.sana.sy\/tr\/wp-content\/uploads\/2015\/02\/\u015eaar-1-150x85.jpg 150w, https:\/\/archive.sana.sy\/tr\/wp-content\/uploads\/2015\/02\/\u015eaar-1-1024x581.jpg 1024w\" sizes=\"auto, (max-width: 300px) 100vw, 300px\" \/><\/a>G\u00f6r\u00fc\u015fmede \u015eear Endonezya\u2019n\u0131n ter\u00f6re kar\u015f\u0131 m\u00fccadelesinde Suriye&#8217;yi destekleyen tutumlar\u0131na takdirlerini ifade etti.<\/p>\n<p>B\u00fcy\u00fckel\u00e7i Harianto \u00fclkesinin daha \u00f6nce ter\u00f6rden \u00e7ekti\u011fi ac\u0131lara i\u015faret ederek; bu ter\u00f6re kar\u015f\u0131 sava\u015f\u0131nda Suriye&#8217;nin yan\u0131nda oldu\u011funu belirtti.<\/p>\n<p>Endonezyal\u0131 kimi vatanda\u015flar\u0131n Suriye&#8217;de ter\u00f6r saflar\u0131na kat\u0131lmalar\u0131ndan dolay\u0131 \u00fclkesinin derin endi\u015fesini dile getiren Harianto; bunlar\u0131n vatanlar\u0131na d\u00f6nmeleri ard\u0131ndan te\u015fkil edecekleri tehlikeye dikkat \u00e7ekti.<\/p>\n<p><span style=\"color: #0000ff\"><a href=\"http:\/\/www.sana.sy\/tr\/wp-content\/uploads\/2015\/02\/\u015eaar-2.jpg\"><img loading=\"lazy\" decoding=\"async\" class=\"alignright wp-image-24320 size-medium\" src=\"http:\/\/www.sana.sy\/tr\/wp-content\/uploads\/2015\/02\/\u015eaar-2-300x204.jpg\" alt=\"\u015eaar 2\" width=\"300\" height=\"204\" srcset=\"https:\/\/archive.sana.sy\/tr\/wp-content\/uploads\/2015\/02\/\u015eaar-2-300x204.jpg 300w, https:\/\/archive.sana.sy\/tr\/wp-content\/uploads\/2015\/02\/\u015eaar-2-150x102.jpg 150w, https:\/\/archive.sana.sy\/tr\/wp-content\/uploads\/2015\/02\/\u015eaar-2-1024x696.jpg 1024w\" sizes=\"auto, (max-width: 300px) 100vw, 300px\" \/><\/a>\u00c7al\u0131\u015fma Bakan\u0131 Harianto \u0130le \u0130kili \u0130li\u015fkileri G\u00f6r\u00fc\u015ft\u00fc<\/span><\/p>\n<p>\u00d6te yandan \u00c7al\u0131\u015fma Bakan\u0131 Halef el Abdullah Harianto ile iki \u00fclke aras\u0131ndaki ili\u015fkileri masaya yat\u0131rd\u0131.<\/p>\n<p>Suriye&#8217;de mevcut Endonezyal\u0131 i\u015f\u00e7ilerin durumlar\u0131n\u0131n tart\u0131\u015f\u0131ld\u0131\u011f\u0131 oturumda Bakan Abdullah Endonezyal\u0131 ev i\u015f\u00e7ilerinin maruz kald\u0131klar\u0131 sorunlar\u0131 ortadan kald\u0131rmada bakanl\u0131\u011f\u0131n \u00f6zenini ifade etti.<\/p>\n<p>Bu arada Turizm Bakan\u0131 Bu\u015fr Yaz\u0131c\u0131 Endonezya b\u00fcy\u00fckel\u00e7isi Harianto ile bir araya gelerek turizm alan\u0131nda ikili ili\u015fkileri peki\u015ftirme zeminini masaya yat\u0131rd\u0131.<\/p>\n<p>A.A. &#8211; M.M.<\/p>\n","protected":false},"excerpt":{"rendered":"<p>\u015eAM \u2013 \u0130\u00e7i\u015fleri Bakan\u0131 Muhammed el \u015eaar bug\u00fcn Endonezya\u2019n\u0131n \u015eam B\u00fcy\u00fckel\u00e7isi Joko Harianto ile ter\u00f6rle m\u00fccadelede iki \u00fclke aras\u0131ndaki i\u015fbirli\u011fini masaya yat\u0131rd\u0131. G\u00f6r\u00fc\u015fmede \u015eear Endonezya\u2019n\u0131n ter\u00f6re kar\u015f\u0131 m\u00fccadelesinde Suriye&#8217;yi destekleyen tutumlar\u0131na takdirlerini ifade etti. B\u00fcy\u00fckel\u00e7i Harianto \u00fclkesinin daha \u00f6nce ter\u00f6rden \u00e7ekti\u011fi ac\u0131lara i\u015faret ederek; bu ter\u00f6re kar\u015f\u0131 sava\u015f\u0131nda Suriye&#8217;nin yan\u0131nda oldu\u011funu belirtti. Endonezyal\u0131 kimi vatanda\u015flar\u0131n &hellip;<\/p>\n","protected":false},"author":1,"featured_media":24318,"comment_status":"closed","ping_status":"closed","sticky":false,"template":"","format":"standard","meta":{"footnotes":""},"categories":[479,478],"tags":[11638,11637],"class_list":["post-24317","post","type-post","status-publish","format-standard","has-post-thumbnail","","category-haberler-yerel","category-yerel","tag-sam-icisleri-bakani-muhammed-el-saar-bugun-endonezyanin-sam-buyukelcisi-joko-harianto-ile-terorle-mucadelede-iki-ulke-arasindaki-isbirligini-masaya-yatirdi","tag-suriyede-teror-saflarinda-mevcut-vatandaslarinin-donusunden-endiseli"],"_links":{"self":[{"href":"https:\/\/archive.sana.sy\/tr\/index.php?rest_route=\/wp\/v2\/posts\/24317","targetHints":{"allow":["GET"]}}],"collection":[{"href":"https:\/\/archive.sana.sy\/tr\/index.php?rest_route=\/wp\/v2\/posts"}],"about":[{"href":"https:\/\/archive.sana.sy\/tr\/index.php?rest_route=\/wp\/v2\/types\/post"}],"author":[{"embeddable":true,"href":"https:\/\/archive.sana.sy\/tr\/index.php?rest_route=\/wp\/v2\/users\/1"}],"replies":[{"embeddable":true,"href":"https:\/\/archive.sana.sy\/tr\/index.php?rest_route=%2Fwp%2Fv2%2Fcomments&post=24317"}],"version-history":[{"count":0,"href":"https:\/\/archive.sana.sy\/tr\/index.php?rest_route=\/wp\/v2\/posts\/24317\/revisions"}],"wp:featuredmedia":[{"embeddable":true,"href":"https:\/\/archive.sana.sy\/tr\/index.php?rest_route=\/wp\/v2\/media\/24318"}],"wp:attachment":[{"href":"https:\/\/archive.sana.sy\/tr\/index.php?rest_route=%2Fwp%2Fv2%2Fmedia&parent=24317"}],"wp:term":[{"taxonomy":"category","embeddable":true,"href":"https:\/\/archive.sana.sy\/tr\/index.php?rest_route=%2Fwp%2Fv2%2Fcategories&post=24317"},{"taxonomy":"post_tag","embeddable":true,"href":"https:\/\/archive.sana.sy\/tr\/index.php?rest_route=%2Fwp%2Fv2%2Ftags&post=24317"}],"curies":[{"name":"wp","href":"https:\/\/api.w.org\/{rel}","templated":true}]}}