{"id":243171,"date":"2021-09-16T13:50:58","date_gmt":"2021-09-16T10:50:58","guid":{"rendered":"http:\/\/107.6.182.27\/tr\/?p=243171"},"modified":"2021-09-18T08:51:54","modified_gmt":"2021-09-18T05:51:54","slug":"dera-kirsalindaki-muzayrib-beldesinde-ulusal-bayragi-yukseltti","status":"publish","type":"post","link":"https:\/\/archive.sana.sy\/tr\/?p=243171","title":{"rendered":"Dera K\u0131rsal\u0131 El Muzeyrib Beldesinde Suriye Bayra\u011f\u0131 G\u00f6ndere \u00c7ekildi"},"content":{"rendered":"<p style=\"text-align: justify;\">DERA \u2013 Suriye Arap Ordusu birlikleri, Dera\u2019n\u0131n bat\u0131 k\u0131rsal\u0131ndaki El Muzeyrib beldesinde ordu ve i\u00e7 g\u00fcvenlik g\u00fc\u00e7leri birliklerinin beldeye konu\u015fland\u0131r\u0131lmas\u0131 ve burada g\u00fcvenlik ve istikrar\u0131n yeniden sa\u011flanmas\u0131n\u0131n ard\u0131ndan bug\u00fcn Suriye bayra\u011f\u0131n\u0131 g\u00f6ndere \u00e7ekti.<\/p>\n<p style=\"text-align: justify;\">SANA muhabiri, Dera k\u0131rsal\u0131n\u0131n bat\u0131s\u0131nda yer alan el Muzeyrib beldesinde, belediye binas\u0131nda \u00fcst \u00fcste ikinci g\u00fcn silahl\u0131, aranan ki\u015fi ve asker ka\u00e7a\u011f\u0131 ki\u015filerin durumlar\u0131n\u0131 \u00e7\u00f6zme ve silahlar\u0131n\u0131 Suriye Arap Ordusu\u2019na teslim etme s\u00fcrecinin devam etti\u011fini belirtti.<\/p>\n<p style=\"text-align: justify;\">Dera \u0130li Polis Komutan\u0131 General Dirar Mucahim al Dandal SANA muhabirine, bu g\u00fcn\u00fcn &#8220;Suriye Arap Ordusunun zaferlerine eklenen yeni bir zafer oldu\u011funu&#8221; belirterek, &#8220;Ordunun ter\u00f6r\u00fc yenmedeki kahramanl\u0131klar\u0131, arananlar\u0131n ve ka\u00e7ak ki\u015filerin uzla\u015fmalar\u0131n\u0131n yap\u0131lmas\u0131 ve baz\u0131lar\u0131n\u0131n sahip oldu\u011fu silahlar\u0131n teslim edilmesinin \u00f6n\u00fcn\u00fc a\u00e7t\u0131&#8221; dedi.<\/p>\n<p style=\"text-align: justify;\">Al Dandal bug\u00fcn, &#8220;vatanda\u015flara hizmet vermek i\u00e7in haz\u0131rl\u0131k ve rehabilitasyon \u00e7al\u0131\u015fmalar\u0131n\u0131n ard\u0131ndan El Muzeyrib nahiyesinin yeniden a\u00e7\u0131ld\u0131\u011f\u0131n\u0131&#8221; belirtti.<\/p>\n<p style=\"text-align: justify;\">Muzeyrib il\u00e7esi m\u00fcd\u00fcr\u00fc Yarbay Ali Zeyno, &#8220;polis birimleri varl\u0131\u011f\u0131n\u0131n halka yard\u0131m etmek ile Muzeyrib ve ba\u011fl\u0131 k\u00f6y vatanda\u015flar\u0131na hizmetleri yeniden etkinle\u015ftirmeyi ama\u00e7lad\u0131\u011f\u0131n\u0131&#8221; belirtti.<\/p>\n<p style=\"text-align: justify;\">\u00d6te yandan, kentteki belediye binas\u0131nda \u00fcst \u00fcste ikinci g\u00fcn militanlar\u0131n, aranan ki\u015filerin ve askerlikten ka\u00e7anlar\u0131n durumlar\u0131n\u0131n d\u00fczeltilmesi ve Suriye Arap Ordusu&#8217;na silah teslimi i\u015flemlerine devam edildi.<\/p>\n<div id='gallery-1' class='gallery galleryid-243171 gallery-columns-3 gallery-size-full'><figure class='gallery-item'>\n\t\t\t<div class='gallery-icon landscape'>\n\t\t\t\t<a href='https:\/\/archive.sana.sy\/tr\/wp-content\/uploads\/2021\/09\/photo_2021-09-16_11-50-29.jpg'><img loading=\"lazy\" decoding=\"async\" width=\"660\" height=\"460\" src=\"https:\/\/archive.sana.sy\/tr\/wp-content\/uploads\/2021\/09\/photo_2021-09-16_11-50-29.jpg\" class=\"attachment-full size-full\" alt=\"\" srcset=\"https:\/\/archive.sana.sy\/tr\/wp-content\/uploads\/2021\/09\/photo_2021-09-16_11-50-29.jpg 660w, https:\/\/archive.sana.sy\/tr\/wp-content\/uploads\/2021\/09\/photo_2021-09-16_11-50-29-300x209.jpg 300w, https:\/\/archive.sana.sy\/tr\/wp-content\/uploads\/2021\/09\/photo_2021-09-16_11-50-29-150x105.jpg 150w\" sizes=\"auto, (max-width: 660px) 100vw, 660px\" \/><\/a>\n\t\t\t<\/div><\/figure><figure class='gallery-item'>\n\t\t\t<div class='gallery-icon landscape'>\n\t\t\t\t<a href='https:\/\/archive.sana.sy\/tr\/wp-content\/uploads\/2021\/09\/photo_2021-09-16_11-50-34.jpg'><img loading=\"lazy\" decoding=\"async\" width=\"660\" height=\"459\" src=\"https:\/\/archive.sana.sy\/tr\/wp-content\/uploads\/2021\/09\/photo_2021-09-16_11-50-34.jpg\" class=\"attachment-full size-full\" alt=\"\" srcset=\"https:\/\/archive.sana.sy\/tr\/wp-content\/uploads\/2021\/09\/photo_2021-09-16_11-50-34.jpg 660w, https:\/\/archive.sana.sy\/tr\/wp-content\/uploads\/2021\/09\/photo_2021-09-16_11-50-34-300x209.jpg 300w, https:\/\/archive.sana.sy\/tr\/wp-content\/uploads\/2021\/09\/photo_2021-09-16_11-50-34-150x104.jpg 150w\" sizes=\"auto, (max-width: 660px) 100vw, 660px\" \/><\/a>\n\t\t\t<\/div><\/figure><figure class='gallery-item'>\n\t\t\t<div class='gallery-icon landscape'>\n\t\t\t\t<a href='https:\/\/archive.sana.sy\/tr\/wp-content\/uploads\/2021\/09\/photo_2021-09-16_11-50-59-1.jpg'><img loading=\"lazy\" decoding=\"async\" width=\"660\" height=\"436\" src=\"https:\/\/archive.sana.sy\/tr\/wp-content\/uploads\/2021\/09\/photo_2021-09-16_11-50-59-1.jpg\" class=\"attachment-full size-full\" alt=\"\" srcset=\"https:\/\/archive.sana.sy\/tr\/wp-content\/uploads\/2021\/09\/photo_2021-09-16_11-50-59-1.jpg 660w, https:\/\/archive.sana.sy\/tr\/wp-content\/uploads\/2021\/09\/photo_2021-09-16_11-50-59-1-300x198.jpg 300w, https:\/\/archive.sana.sy\/tr\/wp-content\/uploads\/2021\/09\/photo_2021-09-16_11-50-59-1-150x99.jpg 150w, https:\/\/archive.sana.sy\/tr\/wp-content\/uploads\/2021\/09\/photo_2021-09-16_11-50-59-1-310x205.jpg 310w\" sizes=\"auto, (max-width: 660px) 100vw, 660px\" \/><\/a>\n\t\t\t<\/div><\/figure>\n\t\t<\/div>\n\n","protected":false},"excerpt":{"rendered":"<p>DERA \u2013 Suriye Arap Ordusu birlikleri, Dera\u2019n\u0131n bat\u0131 k\u0131rsal\u0131ndaki El Muzeyrib beldesinde ordu ve i\u00e7 g\u00fcvenlik g\u00fc\u00e7leri birliklerinin beldeye konu\u015fland\u0131r\u0131lmas\u0131 ve burada g\u00fcvenlik ve istikrar\u0131n yeniden sa\u011flanmas\u0131n\u0131n ard\u0131ndan bug\u00fcn Suriye bayra\u011f\u0131n\u0131 g\u00f6ndere \u00e7ekti. SANA muhabiri, Dera k\u0131rsal\u0131n\u0131n bat\u0131s\u0131nda yer alan el Muzeyrib beldesinde, belediye binas\u0131nda \u00fcst \u00fcste ikinci g\u00fcn silahl\u0131, aranan ki\u015fi ve asker ka\u00e7a\u011f\u0131 &hellip;<\/p>\n","protected":false},"author":36,"featured_media":243175,"comment_status":"closed","ping_status":"closed","sticky":false,"template":"","format":"standard","meta":{"footnotes":""},"categories":[596,479,575,17988,478],"tags":[],"class_list":["post-243171","post","type-post","status-publish","format-standard","has-post-thumbnail","","category-fotografli-raporlar","category-haberler-yerel","category-olaylar-ve-gercekler","category-son-haberler","category-yerel"],"_links":{"self":[{"href":"https:\/\/archive.sana.sy\/tr\/index.php?rest_route=\/wp\/v2\/posts\/243171","targetHints":{"allow":["GET"]}}],"collection":[{"href":"https:\/\/archive.sana.sy\/tr\/index.php?rest_route=\/wp\/v2\/posts"}],"about":[{"href":"https:\/\/archive.sana.sy\/tr\/index.php?rest_route=\/wp\/v2\/types\/post"}],"author":[{"embeddable":true,"href":"https:\/\/archive.sana.sy\/tr\/index.php?rest_route=\/wp\/v2\/users\/36"}],"replies":[{"embeddable":true,"href":"https:\/\/archive.sana.sy\/tr\/index.php?rest_route=%2Fwp%2Fv2%2Fcomments&post=243171"}],"version-history":[{"count":0,"href":"https:\/\/archive.sana.sy\/tr\/index.php?rest_route=\/wp\/v2\/posts\/243171\/revisions"}],"wp:featuredmedia":[{"embeddable":true,"href":"https:\/\/archive.sana.sy\/tr\/index.php?rest_route=\/wp\/v2\/media\/243175"}],"wp:attachment":[{"href":"https:\/\/archive.sana.sy\/tr\/index.php?rest_route=%2Fwp%2Fv2%2Fmedia&parent=243171"}],"wp:term":[{"taxonomy":"category","embeddable":true,"href":"https:\/\/archive.sana.sy\/tr\/index.php?rest_route=%2Fwp%2Fv2%2Fcategories&post=243171"},{"taxonomy":"post_tag","embeddable":true,"href":"https:\/\/archive.sana.sy\/tr\/index.php?rest_route=%2Fwp%2Fv2%2Ftags&post=243171"}],"curies":[{"name":"wp","href":"https:\/\/api.w.org\/{rel}","templated":true}]}}