{"id":243198,"date":"2021-09-16T16:00:39","date_gmt":"2021-09-16T13:00:39","guid":{"rendered":"http:\/\/107.6.182.27\/tr\/?p=243198"},"modified":"2021-09-18T08:52:33","modified_gmt":"2021-09-18T05:52:33","slug":"sabra-ve-satila-katliaminin-yil-donumunde-uluslararasi-sessizlik-ortaminda-isgalin-filistinlilere-karsi-suclari-devam-ediyor","status":"publish","type":"post","link":"https:\/\/archive.sana.sy\/tr\/?p=243198","title":{"rendered":"Sabra Ve \u015eatila Katliam\u0131n\u0131n Y\u0131l D\u00f6n\u00fcm\u00fcnde&#8230; Uluslararas\u0131 Sessizlik Ortam\u0131nda \u0130\u015fgalin Filistinlilere Kar\u015f\u0131 Su\u00e7lar\u0131 Devam Ediyor"},"content":{"rendered":"<p style=\"text-align: justify;\">\u015eAM &#8211; \u0130srail i\u015fgal g\u00fc\u00e7lerinin Beyrut&#8217;ta ger\u00e7ekle\u015ftirdi\u011fi ve binlerce masum Filistinlinin hayat\u0131na mal olan Sabra ve \u015eatila katliam\u0131n\u0131n, i\u015fgalin insanl\u0131k su\u00e7lar\u0131 ve utan\u00e7 verici uluslararas\u0131 sessizli\u011fin ortas\u0131nda Filistinlilere kar\u015f\u0131 devam eden sava\u015f su\u00e7lar\u0131 boyutunda olan su\u00e7 ve katliamlar\u0131n\u0131n \u00fczerinden 39 y\u0131l ge\u00e7ti.<\/p>\n<p style=\"text-align: justify;\">Katliam, t\u00fcm d\u00fcnya tarihinde yaz\u0131lm\u0131\u015f en korkun\u00e7 \u015feylerden biriydi ve 16 Eyl\u00fcl 1982 gecesi karanl\u0131kta yola \u00e7\u0131kan i\u015fgal kuvvetlerinin &#8220;L\u00fcbnan Kuvvetleri&#8221; milislerinden ve o zamanlar s\u00f6zde &#8220;G\u00fcney L\u00fcbnan Ordusu&#8221;ndan gruplar\u0131n su\u00e7 ortakl\u0131\u011f\u0131yla \u00f6nceden planlayarak 48 saat s\u00fcren cinayetleri i\u015flemeye ba\u015flad\u0131.<\/p>\n<p style=\"text-align: justify;\">\u0130srail i\u015fgal ara\u00e7lar\u0131 kamptaki kurtulu\u015f ge\u00e7itlerini kapatarak 18 Eyl\u00fcl&#8217;de katliam sona erene kadar giri\u015fe izin vermedi. B\u00f6ylece insanl\u0131\u011f\u0131n en korkun\u00e7 ve en deh\u015fet verici bir yolla kad\u0131n, \u00e7ocuk ve ya\u015fl\u0131lar \u00f6ld\u00fcr\u00fcld\u00fc ve d\u00fcnya tarihinin en korkun\u00e7 katliamlar\u0131ndan birine binlerce ceset bularak uyand\u0131.<\/p>\n<p style=\"text-align: justify;\">\u0130srail i\u015fgal g\u00fc\u00e7leri o gece olay yerine \u0131\u015f\u0131k sa\u00e7an bombalar atarken, milisler kamp sakinlerini \u00e7embere alarak y\u00fczlercesini korkun\u00e7 y\u00f6ntemlerle \u00f6ld\u00fcrmeye ba\u015flad\u0131 ve ara sokaklara giren herkesi vurdu. D\u00fcnyan\u0131n bu en \u00e7irkef katliam\u0131na uyanmas\u0131na ra\u011fmen uluslararas\u0131 toplum canilerle komutanlar\u0131n\u0131 herhangi bir mahkemeye \u00e7\u0131karmam\u0131\u015f herhangi birini i\u015fledikleri cinayetten dolay\u0131 cezaland\u0131rmam\u0131\u015f ve mesele, takip edilmeyen sonu\u00e7lara ula\u015fan soru\u015fturma komisyonlar\u0131yla s\u0131n\u0131rl\u0131 kalm\u0131\u015ft\u0131r.<\/p>\n<p style=\"text-align: justify;\">Tahminlere g\u00f6re yakla\u015f\u0131k 7000 \u015fehidin hayat\u0131n\u0131 kaybetti\u011fi, \u00fc\u00e7 ve d\u00f6rt ya\u015f\u0131n\u0131 a\u015fmam\u0131\u015f \u00e7ocuklar\u0131n pijamalar\u0131 ve \u00fcstba\u015flar\u0131 kanlar i\u00e7erisinde, i\u015fgal kuvvetlerinin aileleri yatarken nas\u0131l \u00f6ld\u00fcrd\u00fcklerini g\u00f6steren foto\u011fraflar bu katliamda hayat\u0131n\u0131 kaybeden \u015fehit say\u0131s\u0131 \u015fimdiye kadar net de\u011fil. Bu foto\u011fraflar Filistin halk\u0131na kar\u015f\u0131 i\u015fgalin i\u015fledi\u011fi ve ortadan kalmas\u0131n\u0131n m\u00fcmk\u00fcn olmad\u0131\u011f\u0131bir delil olarak, daha \u00f6nceki Kibya, Deyr Yasin, Al Tantura katliamlar\u0131, ard\u0131ndan Cenin kamp\u0131 ve Kana katliam\u0131, Gazze ve di\u011fer katliamlar gibi t\u00fcm katliamlar\u0131n kasvetini g\u00f6zler \u00f6n\u00fcne sermektedir.<\/p>\n<p style=\"text-align: justify;\">\u0130srail i\u015fgal g\u00fc\u00e7leri, utan\u00e7 verici uluslararas\u0131 sessizlik ve bariz Bat\u0131 kay\u0131rmal\u0131\u011f\u0131 \u0131\u015f\u0131\u011f\u0131nda Filistin halk\u0131na y\u00f6nelik tutuklamalar, \u00f6ld\u00fcrmeler, yerle\u015fimler, topraklar\u0131 yerle bir etme, ku\u015fatma vb. su\u00e7 uygulamalar\u0131n\u0131 bug\u00fcne kadar s\u00fcrd\u00fcr\u00fcyor.<\/p>\n","protected":false},"excerpt":{"rendered":"<p>\u015eAM &#8211; \u0130srail i\u015fgal g\u00fc\u00e7lerinin Beyrut&#8217;ta ger\u00e7ekle\u015ftirdi\u011fi ve binlerce masum Filistinlinin hayat\u0131na mal olan Sabra ve \u015eatila katliam\u0131n\u0131n, i\u015fgalin insanl\u0131k su\u00e7lar\u0131 ve utan\u00e7 verici uluslararas\u0131 sessizli\u011fin ortas\u0131nda Filistinlilere kar\u015f\u0131 devam eden sava\u015f su\u00e7lar\u0131 boyutunda olan su\u00e7 ve katliamlar\u0131n\u0131n \u00fczerinden 39 y\u0131l ge\u00e7ti. Katliam, t\u00fcm d\u00fcnya tarihinde yaz\u0131lm\u0131\u015f en korkun\u00e7 \u015feylerden biriydi ve 16 Eyl\u00fcl 1982 &hellip;<\/p>\n","protected":false},"author":1,"featured_media":243199,"comment_status":"closed","ping_status":"closed","sticky":false,"template":"","format":"standard","meta":{"footnotes":""},"categories":[479,17988,478],"tags":[],"class_list":["post-243198","post","type-post","status-publish","format-standard","has-post-thumbnail","","category-haberler-yerel","category-son-haberler","category-yerel"],"_links":{"self":[{"href":"https:\/\/archive.sana.sy\/tr\/index.php?rest_route=\/wp\/v2\/posts\/243198","targetHints":{"allow":["GET"]}}],"collection":[{"href":"https:\/\/archive.sana.sy\/tr\/index.php?rest_route=\/wp\/v2\/posts"}],"about":[{"href":"https:\/\/archive.sana.sy\/tr\/index.php?rest_route=\/wp\/v2\/types\/post"}],"author":[{"embeddable":true,"href":"https:\/\/archive.sana.sy\/tr\/index.php?rest_route=\/wp\/v2\/users\/1"}],"replies":[{"embeddable":true,"href":"https:\/\/archive.sana.sy\/tr\/index.php?rest_route=%2Fwp%2Fv2%2Fcomments&post=243198"}],"version-history":[{"count":0,"href":"https:\/\/archive.sana.sy\/tr\/index.php?rest_route=\/wp\/v2\/posts\/243198\/revisions"}],"wp:featuredmedia":[{"embeddable":true,"href":"https:\/\/archive.sana.sy\/tr\/index.php?rest_route=\/wp\/v2\/media\/243199"}],"wp:attachment":[{"href":"https:\/\/archive.sana.sy\/tr\/index.php?rest_route=%2Fwp%2Fv2%2Fmedia&parent=243198"}],"wp:term":[{"taxonomy":"category","embeddable":true,"href":"https:\/\/archive.sana.sy\/tr\/index.php?rest_route=%2Fwp%2Fv2%2Fcategories&post=243198"},{"taxonomy":"post_tag","embeddable":true,"href":"https:\/\/archive.sana.sy\/tr\/index.php?rest_route=%2Fwp%2Fv2%2Ftags&post=243198"}],"curies":[{"name":"wp","href":"https:\/\/api.w.org\/{rel}","templated":true}]}}