{"id":243201,"date":"2021-09-16T16:53:37","date_gmt":"2021-09-16T13:53:37","guid":{"rendered":"http:\/\/107.6.182.27\/tr\/?p=243201"},"modified":"2021-09-18T08:52:52","modified_gmt":"2021-09-18T05:52:52","slug":"yedi-icerisindeki-suriye-ihracati-400-milyon-euro","status":"publish","type":"post","link":"https:\/\/archive.sana.sy\/tr\/?p=243201","title":{"rendered":"Yedi \u0130\u00e7erisindeki Suriye \u0130hracat\u0131 400 Milyon Euro"},"content":{"rendered":"<p style=\"text-align: justify;\">\u015eAM -Bu y\u0131l\u0131n ba\u015f\u0131ndan Temmuz ay\u0131 sonuna kadar toplam Suriye ihracat\u0131, yakla\u015f\u0131k 400 milyon Euro de\u011ferinde 1.201 milyon tona ula\u015ft\u0131.<\/p>\n<p style=\"text-align: justify;\">SANA&#8217;n\u0131n bir n\u00fcshas\u0131n\u0131 ald\u0131\u011f\u0131 Ekonomi ve D\u0131\u015f Ticaret Bakanl\u0131\u011f\u0131 taraf\u0131ndan haz\u0131rlanan raporda, bu y\u0131l\u0131n ilk yedi ay\u0131nda Suriye mallar\u0131n\u0131n ihra\u00e7 edildi\u011fi toplam \u00fclke say\u0131s\u0131n\u0131n 110 \u00fclkeye ula\u015ft\u0131\u011f\u0131 belirtildi.<\/p>\n<p style=\"text-align: justify;\">Raporda, bu y\u0131l\u0131n ilk yedi ay\u0131ndaki ihracat de\u011ferinin, ge\u00e7en y\u0131l\u0131n toplam ihracat\u0131n\u0131n y\u00fczde 64&#8217;\u00fcn\u00fc olu\u015fturdu\u011fu, ayn\u0131 d\u00f6nemde ayl\u0131k ortalama ihracat\u0131n ise 5 milyon euro art\u0131\u015fla 57 milyon euro oldu\u011fu belirtildi..<\/p>\n<p style=\"text-align: justify;\">Kastedilen \u00fclkeler aras\u0131nda Irak ilk s\u0131rada yer al\u0131rken, ayn\u0131 d\u00f6nemde Suriye&#8217;ye yap\u0131lan ihracat\u0131n de\u011feri 79 milyon avroyu a\u015ft\u0131, Irak&#8217;\u0131 68 milyon avro ile Suudi Arabistan, 59 milyon avro ile L\u00fcbnan, 14 milyon eurodan fazla ile Birle\u015fik Arap Emirlikleri, \u00dcrd\u00fcn 13 milyon euro ve M\u0131s\u0131r 10 milyon euro ile izledi.<\/p>\n<p style=\"text-align: justify;\">Raporda, Suriye&#8217;nin maksat \u00fclkelere yapt\u0131\u011f\u0131 toplam ihracat\u0131n, bu y\u0131l\u0131n ilk yedi ay\u0131nda toplam ihracat\u0131n y\u00fczde 72&#8217;sini olu\u015fturan yakla\u015f\u0131k 287 milyon avroya ula\u015ft\u0131\u011f\u0131 belirtildi.<\/p>\n<p style=\"text-align: justify;\">Rapora g\u00f6re, ithalat\u00e7\u0131 \u00fclkelere ihra\u00e7 edilen en \u00f6nemli kalemlerin giyim ve ilgili aksesuarlar, meyve, sebze, g\u0131da \u00fcr\u00fcnleri, ayakkab\u0131, deterjan, cam \u015fi\u015fe, zeytinya\u011f\u0131, kau\u00e7uk \u00fcr\u00fcnleri, me\u015frubat, \u00e7i\u00e7ekler, s\u00fct ve peynir ile t\u00fcrevleri, yap\u0131 ta\u015flar\u0131, antep f\u0131st\u0131\u011f\u0131, ila\u00e7lar, baharatlar yer ald\u0131.<\/p>\n<p style=\"text-align: justify;\">Ekonomi ve D\u0131\u015f Ticaret Bakanl\u0131\u011f\u0131&#8217;n\u0131n sa\u011flad\u0131\u011f\u0131 imkanlarla ilgili olarak raporda, navlun \u00fccretlerinin s\u00fcbvanse edilmesi, d\u0131\u015f pazarlara eri\u015fimin kolayla\u015ft\u0131r\u0131lmas\u0131, ihracata y\u00f6nelik \u00fcr\u00fcnlerin i\u00e7 fuarlar\u0131n\u0131n d\u00fczenlenmesi ve d\u0131\u015f fuarlara kat\u0131lan ihracat\u00e7\u0131lar\u0131n desteklenmesi yoluyla sanayi ve tar\u0131msal \u00fcretim destek programlar\u0131nda temsil edildikleri belirtildi.<\/p>\n<p style=\"text-align: justify;\">Rapora g\u00f6re bakanl\u0131k, Suriye mallar\u0131 i\u00e7in yeni pazarlar ke\u015ffetmek ve ihra\u00e7 edildikleri mevcut pazarlara ba\u015fka t\u00fcr mallar ihra\u00e7 etme olas\u0131l\u0131\u011f\u0131n\u0131 bilmek amac\u0131yla d\u0131\u015f pazarlara y\u00f6nelik \u00e7al\u0131\u015fmalar haz\u0131rl\u0131yor, ihracat\u0131n desteklenmesi ve te\u015fvik edilmesi i\u00e7in yeni yollar da ara\u015ft\u0131r\u0131l\u0131yor, bu da ihracat sekt\u00f6r\u00fcn\u00fcn Avrupa Birli\u011fi ve Amerika Birle\u015fik Devletleri taraf\u0131ndan uygulanan ve bir\u00e7ok sanayi tesisine ve tar\u0131m arazisine zarar veren ve bu nedenle ihracat g\u00fcc\u00fcn\u00fc zay\u0131flatan tek tarafl\u0131 zorlay\u0131c\u0131 yapt\u0131r\u0131mlardan kaynaklanan zorluklarla kar\u015f\u0131 kar\u015f\u0131ya oldu\u011funu g\u00f6steriyor.<\/p>\n","protected":false},"excerpt":{"rendered":"<p>\u015eAM -Bu y\u0131l\u0131n ba\u015f\u0131ndan Temmuz ay\u0131 sonuna kadar toplam Suriye ihracat\u0131, yakla\u015f\u0131k 400 milyon Euro de\u011ferinde 1.201 milyon tona ula\u015ft\u0131. SANA&#8217;n\u0131n bir n\u00fcshas\u0131n\u0131 ald\u0131\u011f\u0131 Ekonomi ve D\u0131\u015f Ticaret Bakanl\u0131\u011f\u0131 taraf\u0131ndan haz\u0131rlanan raporda, bu y\u0131l\u0131n ilk yedi ay\u0131nda Suriye mallar\u0131n\u0131n ihra\u00e7 edildi\u011fi toplam \u00fclke say\u0131s\u0131n\u0131n 110 \u00fclkeye ula\u015ft\u0131\u011f\u0131 belirtildi. Raporda, bu y\u0131l\u0131n ilk yedi ay\u0131ndaki ihracat &hellip;<\/p>\n","protected":false},"author":1,"featured_media":243202,"comment_status":"closed","ping_status":"closed","sticky":false,"template":"","format":"standard","meta":{"footnotes":""},"categories":[485,486,479,17988,478],"tags":[],"class_list":["post-243201","post","type-post","status-publish","format-standard","has-post-thumbnail","","category-is-ve-sermaye","category-haberler-is-ve-sermaye","category-haberler-yerel","category-son-haberler","category-yerel"],"_links":{"self":[{"href":"https:\/\/archive.sana.sy\/tr\/index.php?rest_route=\/wp\/v2\/posts\/243201","targetHints":{"allow":["GET"]}}],"collection":[{"href":"https:\/\/archive.sana.sy\/tr\/index.php?rest_route=\/wp\/v2\/posts"}],"about":[{"href":"https:\/\/archive.sana.sy\/tr\/index.php?rest_route=\/wp\/v2\/types\/post"}],"author":[{"embeddable":true,"href":"https:\/\/archive.sana.sy\/tr\/index.php?rest_route=\/wp\/v2\/users\/1"}],"replies":[{"embeddable":true,"href":"https:\/\/archive.sana.sy\/tr\/index.php?rest_route=%2Fwp%2Fv2%2Fcomments&post=243201"}],"version-history":[{"count":0,"href":"https:\/\/archive.sana.sy\/tr\/index.php?rest_route=\/wp\/v2\/posts\/243201\/revisions"}],"wp:featuredmedia":[{"embeddable":true,"href":"https:\/\/archive.sana.sy\/tr\/index.php?rest_route=\/wp\/v2\/media\/243202"}],"wp:attachment":[{"href":"https:\/\/archive.sana.sy\/tr\/index.php?rest_route=%2Fwp%2Fv2%2Fmedia&parent=243201"}],"wp:term":[{"taxonomy":"category","embeddable":true,"href":"https:\/\/archive.sana.sy\/tr\/index.php?rest_route=%2Fwp%2Fv2%2Fcategories&post=243201"},{"taxonomy":"post_tag","embeddable":true,"href":"https:\/\/archive.sana.sy\/tr\/index.php?rest_route=%2Fwp%2Fv2%2Ftags&post=243201"}],"curies":[{"name":"wp","href":"https:\/\/api.w.org\/{rel}","templated":true}]}}