{"id":243204,"date":"2021-09-16T16:57:09","date_gmt":"2021-09-16T13:57:09","guid":{"rendered":"http:\/\/107.6.182.27\/tr\/?p=243204"},"modified":"2021-09-18T08:53:02","modified_gmt":"2021-09-18T05:53:02","slug":"saglik-corona-vakalari-yukselis-egilimi-kaydediyor","status":"publish","type":"post","link":"https:\/\/archive.sana.sy\/tr\/?p=243204","title":{"rendered":"Sa\u011fl\u0131k: Corona Vakalar\u0131 Y\u00fckseli\u015f E\u011filimi Kaydediyor"},"content":{"rendered":"<p style=\"text-align: justify;\">\u015eAM &#8211; Sa\u011fl\u0131k Bakanl\u0131\u011f\u0131&#8217;n\u0131n verilerine g\u00f6re, yerel olarak teyit edilen ve \u015f\u00fcphelenilen koronavir\u00fcs enfeksiyonlar\u0131n\u0131n say\u0131s\u0131, ge\u00e7en y\u0131l\u0131n ayn\u0131 d\u00f6nemindeki 379 vakaya k\u0131yasla, bu Eyl\u00fcl ay\u0131n\u0131n ba\u015f\u0131ndan d\u00fcn \u00c7ar\u015famba g\u00fcn\u00fcne kadar kaydedilen 2.059 vaka ile A\u011fustos ay\u0131na nazaran yakla\u015f\u0131k be\u015f kat bir art\u0131\u015f e\u011filimi g\u00f6steriyor.<\/p>\n<p style=\"text-align: justify;\">Bakanl\u0131kta Haz\u0131rl\u0131k, \u0130lkyard\u0131m ve Acil Durum M\u00fcd\u00fcr\u00fc Dr. Tevfik Hasaba SANA muhabirine yapt\u0131\u011f\u0131 a\u00e7\u0131klamada, d\u00fcn 169 yeni vakan\u0131n kaydedilmesinden dolay\u0131 vaka say\u0131s\u0131nda g\u00f6zle g\u00f6r\u00fcl\u00fcr bir art\u0131\u015f oldu\u011funu ve vaka say\u0131s\u0131ndaki art\u0131\u015f\u0131n ge\u00e7en a\u011fustos sonunda ba\u015flamas\u0131 tarihinden bu yana en b\u00fcy\u00fck g\u00fcnl\u00fck vaka say\u0131s\u0131 oldu\u011funu belirterek,\u00a0 di\u011fer illerdeki hastanelerde k\u00fcm\u00fclatif vaka say\u0131s\u0131n\u0131n \u015fu anda 1806 vaka oldu\u011funa dikkat \u00e7ekti.<\/p>\n<p style=\"text-align: justify;\">Sa\u011fl\u0131k verilerine g\u00f6re, 1-15 Eyl\u00fcl d\u00f6neminde en fazla vaka say\u0131s\u0131 421 vaka ile Lazkiye, Halep 400, \u015eam 351, \u015eam K\u0131rsal\u0131 205, Homs 187, Hama&#8217;da 122, Deyrezzor&#8217;da 101, Tartus&#8217;ta 76, Haseke 70, Dera 55, S\u00fcveyda 40, Kunaytra 30 ve \u0130dlib&#8217;de 1 yaral\u0131.<\/p>\n<p style=\"text-align: justify;\">Hasaba, bakanl\u0131\u011f\u0131n verilerinin ay ba\u015f\u0131ndan d\u00fcne kadar 30 vefat vakas\u0131n\u0131n kaydedildi\u011fini, mevcut dalgadaki vefat say\u0131s\u0131n\u0131n bir \u00f6ncekinden daha az oldu\u011funu, yeni enfeksiyonlar\u0131n g\u00f6sterdi\u011fine i\u015faret etti.<\/p>\n<p style=\"text-align: justify;\">Hasaba, Suriye&#8217;deki Corona enfeksiyonlar\u0131n\u0131n yeni dalgan\u0131n zirvesine ula\u015fmad\u0131\u011f\u0131n\u0131 belirterek, enfeksiyon \u015fiddetini azaltmak i\u00e7in maske takma, s\u00fcrekli sterilizasyon ve vir\u00fcse kar\u015f\u0131 a\u015f\u0131 alma gibi sa\u011fl\u0131k prosed\u00fcrlerine uyulmas\u0131 gerekti\u011fini vurgulad\u0131.<\/p>\n<p style=\"text-align: justify;\">\u015eam el M\u00fcctehid Hastanesi Genel M\u00fcd\u00fcrl\u00fc\u011f\u00fc M\u00fcd\u00fcr\u00fc Dr. Ahmed Abbas ise ge\u00e7ti\u011fimiz g\u00fcnlerde hastaneyi Corona semptomlar\u0131na benzer semptomlarla, yakla\u015f\u0131k 41 hastan\u0131n ziyaret etti\u011fini, \u00a0ge\u00e7en ay\u0131n ayn\u0131 d\u00f6neminde ise g\u00fcnde 2 &#8211; 3 hastay\u0131 ge\u00e7medi\u011fine dikkat \u00e7ekti.<\/p>\n<p style=\"text-align: justify;\">Abbas, izolasyon b\u00f6l\u00fcm\u00fcndeki hasta say\u0131s\u0131n\u0131n \u015fu anda 12&#8217;si yo\u011fun bak\u0131mda olmak \u00fczere 48 oldu\u011funa i\u015faret ederek, enfeksiyon derecesinin \u015fiddetli ile orta aras\u0131nda de\u011fi\u015fti\u011fini belirtti.<\/p>\n<p style=\"text-align: justify;\">\u00d6zel kliniklerin denet\u00e7ilerinin durumu ile ilgili olarak ise, g\u00f6\u011f\u00fcs hastal\u0131klar\u0131 uzman\u0131 Dr. Abdul Rahman Dakkak, ortalama olarak vir\u00fcs enfeksiyonu semptomlar\u0131na benzer semptomlar g\u00f6steren hasta say\u0131s\u0131ndaki art\u0131\u015fa dikkat \u00e7ekerek, \u00a0g\u00fcnl\u00fck ortalama 30 hastaya ula\u015f\u0131rken, son bir ayda say\u0131lar\u0131 5 &#8211; 10 hasta aras\u0131nda de\u011fi\u015firken, semptomlar\u0131n bu dalgay\u0131 ay\u0131rt edenlerin burun ak\u0131nt\u0131s\u0131, \u015fiddetli ba\u015f a\u011fr\u0131s\u0131 ve \u00e7o\u011fu vaka olan sindirim semptomlar\u0131 (kab\u0131zl\u0131k) oldu\u011funa i\u015faret etti.<\/p>\n","protected":false},"excerpt":{"rendered":"<p>\u015eAM &#8211; Sa\u011fl\u0131k Bakanl\u0131\u011f\u0131&#8217;n\u0131n verilerine g\u00f6re, yerel olarak teyit edilen ve \u015f\u00fcphelenilen koronavir\u00fcs enfeksiyonlar\u0131n\u0131n say\u0131s\u0131, ge\u00e7en y\u0131l\u0131n ayn\u0131 d\u00f6nemindeki 379 vakaya k\u0131yasla, bu Eyl\u00fcl ay\u0131n\u0131n ba\u015f\u0131ndan d\u00fcn \u00c7ar\u015famba g\u00fcn\u00fcne kadar kaydedilen 2.059 vaka ile A\u011fustos ay\u0131na nazaran yakla\u015f\u0131k be\u015f kat bir art\u0131\u015f e\u011filimi g\u00f6steriyor. Bakanl\u0131kta Haz\u0131rl\u0131k, \u0130lkyard\u0131m ve Acil Durum M\u00fcd\u00fcr\u00fc Dr. Tevfik Hasaba SANA &hellip;<\/p>\n","protected":false},"author":1,"featured_media":243205,"comment_status":"closed","ping_status":"closed","sticky":false,"template":"","format":"standard","meta":{"footnotes":""},"categories":[526,479,17988,525,478],"tags":[],"class_list":["post-243204","post","type-post","status-publish","format-standard","has-post-thumbnail","","category-haber-ve-raporlar","category-haberler-yerel","category-son-haberler","category-toplum","category-yerel"],"_links":{"self":[{"href":"https:\/\/archive.sana.sy\/tr\/index.php?rest_route=\/wp\/v2\/posts\/243204","targetHints":{"allow":["GET"]}}],"collection":[{"href":"https:\/\/archive.sana.sy\/tr\/index.php?rest_route=\/wp\/v2\/posts"}],"about":[{"href":"https:\/\/archive.sana.sy\/tr\/index.php?rest_route=\/wp\/v2\/types\/post"}],"author":[{"embeddable":true,"href":"https:\/\/archive.sana.sy\/tr\/index.php?rest_route=\/wp\/v2\/users\/1"}],"replies":[{"embeddable":true,"href":"https:\/\/archive.sana.sy\/tr\/index.php?rest_route=%2Fwp%2Fv2%2Fcomments&post=243204"}],"version-history":[{"count":0,"href":"https:\/\/archive.sana.sy\/tr\/index.php?rest_route=\/wp\/v2\/posts\/243204\/revisions"}],"wp:featuredmedia":[{"embeddable":true,"href":"https:\/\/archive.sana.sy\/tr\/index.php?rest_route=\/wp\/v2\/media\/243205"}],"wp:attachment":[{"href":"https:\/\/archive.sana.sy\/tr\/index.php?rest_route=%2Fwp%2Fv2%2Fmedia&parent=243204"}],"wp:term":[{"taxonomy":"category","embeddable":true,"href":"https:\/\/archive.sana.sy\/tr\/index.php?rest_route=%2Fwp%2Fv2%2Fcategories&post=243204"},{"taxonomy":"post_tag","embeddable":true,"href":"https:\/\/archive.sana.sy\/tr\/index.php?rest_route=%2Fwp%2Fv2%2Ftags&post=243204"}],"curies":[{"name":"wp","href":"https:\/\/api.w.org\/{rel}","templated":true}]}}