{"id":243209,"date":"2021-09-16T22:27:45","date_gmt":"2021-09-16T19:27:45","guid":{"rendered":"http:\/\/107.6.182.27\/tr\/?p=243209"},"modified":"2021-09-18T08:53:10","modified_gmt":"2021-09-18T05:53:10","slug":"yeni-yatirim-yasasi-yurutme-talimatlari-onaylandi","status":"publish","type":"post","link":"https:\/\/archive.sana.sy\/tr\/?p=243209","title":{"rendered":"Yeni Yat\u0131r\u0131m Yasas\u0131 Y\u00fcr\u00fctme Talimatlar\u0131 Onayland\u0131"},"content":{"rendered":"<p style=\"text-align: justify;\">\u015eAM &#8211; Y\u00fcksek Yat\u0131r\u0131m Konseyi, bug\u00fcn Ba\u015fbakan H\u00fcseyin Arnus ba\u015fkanl\u0131\u011f\u0131nda d\u00fczenledi\u011fi toplant\u0131da, ge\u00e7en hafta yasan\u0131n icra delillerini onaylad\u0131ktan sonra, 2021 tarihli 18 say\u0131l\u0131 yeni yat\u0131r\u0131m yasas\u0131na ili\u015fkin y\u00fcr\u00fctme talimatlar\u0131n\u0131 nihai haliyle onaylad\u0131.<\/p>\n<p><a href=\"http:\/\/107.6.182.27\/tr\/wp-content\/uploads\/2021\/09\/2-13.jpg\"><img loading=\"lazy\" decoding=\"async\" class=\"size-medium wp-image-243211 alignright\" src=\"http:\/\/107.6.182.27\/tr\/wp-content\/uploads\/2021\/09\/2-13-300x200.jpg\" alt=\"\" width=\"300\" height=\"200\" srcset=\"https:\/\/archive.sana.sy\/tr\/wp-content\/uploads\/2021\/09\/2-13-300x200.jpg 300w, https:\/\/archive.sana.sy\/tr\/wp-content\/uploads\/2021\/09\/2-13-150x100.jpg 150w, https:\/\/archive.sana.sy\/tr\/wp-content\/uploads\/2021\/09\/2-13.jpg 660w\" sizes=\"auto, (max-width: 300px) 100vw, 300px\" \/><\/a><\/p>\n<p style=\"text-align: justify;\">Konsey, Yat\u0131r\u0131m Kanunu h\u00fck\u00fcmlerine tabi olan ve icra delilleri ve her projenin \u00f6zel de\u011ferine uygun olarak projelerin sekt\u00f6rel s\u0131n\u0131fland\u0131rmas\u0131n\u0131 onaylad\u0131. Bakanl\u0131klar\u0131n ve di\u011fer kamu kurumlar\u0131n\u0131n yetkililerine, ko\u015fullar\u0131 sa\u011flayan yat\u0131r\u0131m projelerine onay i\u015flemlerinin h\u0131zland\u0131r\u0131lmas\u0131 ve lisans verilmesi amac\u0131yla, Yat\u0131r\u0131m Kurumu Yat\u0131r\u0131mc\u0131 Hizmet Merkezlerinde geni\u015f yetkilerin verilmesi gere\u011fini belirtti.<\/p>\n<p style=\"text-align: justify;\">Y\u00fcksek Yat\u0131r\u0131m Kurulu, yat\u0131r\u0131mc\u0131lara hizmet sa\u011flanmas\u0131 ve elektronik \u00f6deme yoluyla \u00fccret ve \u00f6denek \u00f6deme prosed\u00fcrlerinin basitle\u015ftirilmesine y\u00f6nelik t\u00fcm uygulama ve elektronik hizmetlerden yararlanmak \u00fczere Yat\u0131r\u0131m Kurumu ile koordinasyon sa\u011flamak \u00fczere \u0130leti\u015fim ve Teknoloji Bakanl\u0131\u011f\u0131&#8217;n\u0131 g\u00f6revlendirdi.<\/p>\n<p style=\"text-align: justify;\">Konsey, Adra Sanayi Kenti&#8217;nde yeni yat\u0131r\u0131m yasas\u0131nda 34 i\u015f f\u0131rsat\u0131 sa\u011flayan 15 milyar Suriye liras\u0131 tutar\u0131nda kanser ilac\u0131 \u00fcretimine y\u00f6nelik bir projeyi dahil etmeyi kabul etti.<\/p>\n<p style=\"text-align: justify;\">Bununla ilgili olarak Kurul, Bakanlar Kurulu Genel Sekreterli\u011fi&#8217;nin, Yat\u0131r\u0131m Kanunu&#8217;na uygun olarak kamu ve \u00f6zel m\u00fclkler, \u015fehirler ve sanayi b\u00f6lgelerinde yat\u0131r\u0131m i\u00e7in gayrimenkulllerin g\u00fcvence alt\u0131na al\u0131nmas\u0131na ili\u015fkin \u00e7al\u0131\u015ftay\u0131 dinledi.<\/p>\n","protected":false},"excerpt":{"rendered":"<p>\u015eAM &#8211; Y\u00fcksek Yat\u0131r\u0131m Konseyi, bug\u00fcn Ba\u015fbakan H\u00fcseyin Arnus ba\u015fkanl\u0131\u011f\u0131nda d\u00fczenledi\u011fi toplant\u0131da, ge\u00e7en hafta yasan\u0131n icra delillerini onaylad\u0131ktan sonra, 2021 tarihli 18 say\u0131l\u0131 yeni yat\u0131r\u0131m yasas\u0131na ili\u015fkin y\u00fcr\u00fctme talimatlar\u0131n\u0131 nihai haliyle onaylad\u0131. Konsey, Yat\u0131r\u0131m Kanunu h\u00fck\u00fcmlerine tabi olan ve icra delilleri ve her projenin \u00f6zel de\u011ferine uygun olarak projelerin sekt\u00f6rel s\u0131n\u0131fland\u0131rmas\u0131n\u0131 onaylad\u0131. Bakanl\u0131klar\u0131n ve di\u011fer &hellip;<\/p>\n","protected":false},"author":1,"featured_media":243212,"comment_status":"closed","ping_status":"closed","sticky":false,"template":"","format":"standard","meta":{"footnotes":""},"categories":[479,17988,478],"tags":[],"class_list":["post-243209","post","type-post","status-publish","format-standard","has-post-thumbnail","","category-haberler-yerel","category-son-haberler","category-yerel"],"_links":{"self":[{"href":"https:\/\/archive.sana.sy\/tr\/index.php?rest_route=\/wp\/v2\/posts\/243209","targetHints":{"allow":["GET"]}}],"collection":[{"href":"https:\/\/archive.sana.sy\/tr\/index.php?rest_route=\/wp\/v2\/posts"}],"about":[{"href":"https:\/\/archive.sana.sy\/tr\/index.php?rest_route=\/wp\/v2\/types\/post"}],"author":[{"embeddable":true,"href":"https:\/\/archive.sana.sy\/tr\/index.php?rest_route=\/wp\/v2\/users\/1"}],"replies":[{"embeddable":true,"href":"https:\/\/archive.sana.sy\/tr\/index.php?rest_route=%2Fwp%2Fv2%2Fcomments&post=243209"}],"version-history":[{"count":0,"href":"https:\/\/archive.sana.sy\/tr\/index.php?rest_route=\/wp\/v2\/posts\/243209\/revisions"}],"wp:featuredmedia":[{"embeddable":true,"href":"https:\/\/archive.sana.sy\/tr\/index.php?rest_route=\/wp\/v2\/media\/243212"}],"wp:attachment":[{"href":"https:\/\/archive.sana.sy\/tr\/index.php?rest_route=%2Fwp%2Fv2%2Fmedia&parent=243209"}],"wp:term":[{"taxonomy":"category","embeddable":true,"href":"https:\/\/archive.sana.sy\/tr\/index.php?rest_route=%2Fwp%2Fv2%2Fcategories&post=243209"},{"taxonomy":"post_tag","embeddable":true,"href":"https:\/\/archive.sana.sy\/tr\/index.php?rest_route=%2Fwp%2Fv2%2Ftags&post=243209"}],"curies":[{"name":"wp","href":"https:\/\/api.w.org\/{rel}","templated":true}]}}