{"id":243214,"date":"2021-09-17T10:18:37","date_gmt":"2021-09-17T07:18:37","guid":{"rendered":"http:\/\/107.6.182.27\/tr\/?p=243214"},"modified":"2021-09-18T08:53:23","modified_gmt":"2021-09-18T05:53:23","slug":"rusya-sb-nusraci-teroristler-gerginligi-azaltma-bolgesinde-29-saldiri-duzenledi","status":"publish","type":"post","link":"https:\/\/archive.sana.sy\/tr\/?p=243214","title":{"rendered":"Rusya SB: (Nusrac\u0131) Ter\u00f6ristler Gerginli\u011fi Azaltma B\u00f6lgesinde 29 Sald\u0131r\u0131 D\u00fczenledi"},"content":{"rendered":"<p style=\"text-align: justify;\">MOSKOVA &#8211; Rusya Savunma Bakanl\u0131\u011f\u0131, \u0130dlib&#8217;deki gerilimi azaltma b\u00f6lgesinde konu\u015flanan &#8220;El Nusra Cephesi&#8221; ter\u00f6ristlerinin son 24 saatte 29 sald\u0131r\u0131 d\u00fczenledi\u011fini ilan etti.<\/p>\n<p style=\"text-align: justify;\">Hmeymim&#8217;deki Rusya Koordinasyon Merkezi bug\u00fcn yapt\u0131\u011f\u0131 a\u00e7\u0131klamada, ter\u00f6r \u00f6rg\u00fctlerinin \u00e7evre b\u00f6lgelere yay\u0131ld\u0131\u011f\u0131 b\u00f6lgelerden 29 sald\u0131r\u0131 d\u00fczenledi\u011fini bu sald\u0131r\u0131lar\u0131n, \u0130dlib&#8217;de 14, Lazkiye&#8217;de 8, Hama&#8217;da 3 ve Halep&#8217;te 4 sald\u0131r\u0131n\u0131n izlendi\u011fini bildirdi.<\/p>\n","protected":false},"excerpt":{"rendered":"<p>MOSKOVA &#8211; Rusya Savunma Bakanl\u0131\u011f\u0131, \u0130dlib&#8217;deki gerilimi azaltma b\u00f6lgesinde konu\u015flanan &#8220;El Nusra Cephesi&#8221; ter\u00f6ristlerinin son 24 saatte 29 sald\u0131r\u0131 d\u00fczenledi\u011fini ilan etti. Hmeymim&#8217;deki Rusya Koordinasyon Merkezi bug\u00fcn yapt\u0131\u011f\u0131 a\u00e7\u0131klamada, ter\u00f6r \u00f6rg\u00fctlerinin \u00e7evre b\u00f6lgelere yay\u0131ld\u0131\u011f\u0131 b\u00f6lgelerden 29 sald\u0131r\u0131 d\u00fczenledi\u011fini bu sald\u0131r\u0131lar\u0131n, \u0130dlib&#8217;de 14, Lazkiye&#8217;de 8, Hama&#8217;da 3 ve Halep&#8217;te 4 sald\u0131r\u0131n\u0131n izlendi\u011fini bildirdi.<\/p>\n","protected":false},"author":1,"featured_media":243215,"comment_status":"closed","ping_status":"closed","sticky":false,"template":"","format":"standard","meta":{"footnotes":""},"categories":[458,459,17988],"tags":[],"class_list":["post-243214","post","type-post","status-publish","format-standard","has-post-thumbnail","","category-dunya1","category-haberler-arap-uluslararasi-politika","category-son-haberler"],"_links":{"self":[{"href":"https:\/\/archive.sana.sy\/tr\/index.php?rest_route=\/wp\/v2\/posts\/243214","targetHints":{"allow":["GET"]}}],"collection":[{"href":"https:\/\/archive.sana.sy\/tr\/index.php?rest_route=\/wp\/v2\/posts"}],"about":[{"href":"https:\/\/archive.sana.sy\/tr\/index.php?rest_route=\/wp\/v2\/types\/post"}],"author":[{"embeddable":true,"href":"https:\/\/archive.sana.sy\/tr\/index.php?rest_route=\/wp\/v2\/users\/1"}],"replies":[{"embeddable":true,"href":"https:\/\/archive.sana.sy\/tr\/index.php?rest_route=%2Fwp%2Fv2%2Fcomments&post=243214"}],"version-history":[{"count":0,"href":"https:\/\/archive.sana.sy\/tr\/index.php?rest_route=\/wp\/v2\/posts\/243214\/revisions"}],"wp:featuredmedia":[{"embeddable":true,"href":"https:\/\/archive.sana.sy\/tr\/index.php?rest_route=\/wp\/v2\/media\/243215"}],"wp:attachment":[{"href":"https:\/\/archive.sana.sy\/tr\/index.php?rest_route=%2Fwp%2Fv2%2Fmedia&parent=243214"}],"wp:term":[{"taxonomy":"category","embeddable":true,"href":"https:\/\/archive.sana.sy\/tr\/index.php?rest_route=%2Fwp%2Fv2%2Fcategories&post=243214"},{"taxonomy":"post_tag","embeddable":true,"href":"https:\/\/archive.sana.sy\/tr\/index.php?rest_route=%2Fwp%2Fv2%2Ftags&post=243214"}],"curies":[{"name":"wp","href":"https:\/\/api.w.org\/{rel}","templated":true}]}}