{"id":243224,"date":"2021-09-17T10:36:59","date_gmt":"2021-09-17T07:36:59","guid":{"rendered":"http:\/\/107.6.182.27\/tr\/?p=243224"},"modified":"2021-09-18T08:53:43","modified_gmt":"2021-09-18T05:53:43","slug":"suriye-tenis-takimi-sri-lankayi-maglup-ederek-davis-kupasi-grubunun-lideri-oldu","status":"publish","type":"post","link":"https:\/\/archive.sana.sy\/tr\/?p=243224","title":{"rendered":"Suriye Tenis Tak\u0131m\u0131 Sri Lanka&#8217;y\u0131 Ma\u011flup Ederek Davis Kupas\u0131 Grubunun Lideri Oldu"},"content":{"rendered":"<p style=\"text-align: justify;\">AMMAN &#8211; Suriye erkek tenis tak\u0131m\u0131, \u00dcrd\u00fcn&#8217;de d\u00fczenlenen Davis Kupas\u0131&#8217;n\u0131n ilk turunda C Grubu&#8217;nda bug\u00fcn Sri Lanka&#8217;y\u0131 3-0 yenerek \u00f6nemli bir galibiyet elde etti.<\/p>\n<p style=\"text-align: justify;\">Tak\u0131m\u0131m\u0131z d\u00fcn de \u00a0\u00dcrd\u00fcn&#8217;\u00fc 3-0 yenerek grubunun lideri olarak bir \u00fcst tura \u00e7\u0131km\u0131\u015f, yar\u0131nki K\u00fcveyt &#8211; Malezya ma\u00e7\u0131n\u0131n galibi ile kar\u015f\u0131la\u015faca\u011f\u0131 kazanmas\u0131 halinde de, turnuvan\u0131n ikinci d\u00fcnya grubuna turuna kat\u0131lmaya hak kazanacak.<\/p>\n<p style=\"text-align: justify;\">Ekibimizin heyeti, tak\u0131m y\u00f6neticisi Vesim Zeyniyye, teknik direkt\u00f6r Robert Mahzuma ve oyuncular Kerim Al Allaf, Hazem Nou, Yakub Mahzuma ve Amer Nou&#8217;dan olu\u015fuyor.<\/p>\n","protected":false},"excerpt":{"rendered":"<p>AMMAN &#8211; Suriye erkek tenis tak\u0131m\u0131, \u00dcrd\u00fcn&#8217;de d\u00fczenlenen Davis Kupas\u0131&#8217;n\u0131n ilk turunda C Grubu&#8217;nda bug\u00fcn Sri Lanka&#8217;y\u0131 3-0 yenerek \u00f6nemli bir galibiyet elde etti. Tak\u0131m\u0131m\u0131z d\u00fcn de \u00a0\u00dcrd\u00fcn&#8217;\u00fc 3-0 yenerek grubunun lideri olarak bir \u00fcst tura \u00e7\u0131km\u0131\u015f, yar\u0131nki K\u00fcveyt &#8211; Malezya ma\u00e7\u0131n\u0131n galibi ile kar\u015f\u0131la\u015faca\u011f\u0131 kazanmas\u0131 halinde de, turnuvan\u0131n ikinci d\u00fcnya grubuna turuna kat\u0131lmaya hak &hellip;<\/p>\n","protected":false},"author":1,"featured_media":243225,"comment_status":"closed","ping_status":"closed","sticky":false,"template":"","format":"standard","meta":{"footnotes":""},"categories":[498,17988,496],"tags":[],"class_list":["post-243224","post","type-post","status-publish","format-standard","has-post-thumbnail","","category-dunya-turnuvalari","category-son-haberler","category-spor"],"_links":{"self":[{"href":"https:\/\/archive.sana.sy\/tr\/index.php?rest_route=\/wp\/v2\/posts\/243224","targetHints":{"allow":["GET"]}}],"collection":[{"href":"https:\/\/archive.sana.sy\/tr\/index.php?rest_route=\/wp\/v2\/posts"}],"about":[{"href":"https:\/\/archive.sana.sy\/tr\/index.php?rest_route=\/wp\/v2\/types\/post"}],"author":[{"embeddable":true,"href":"https:\/\/archive.sana.sy\/tr\/index.php?rest_route=\/wp\/v2\/users\/1"}],"replies":[{"embeddable":true,"href":"https:\/\/archive.sana.sy\/tr\/index.php?rest_route=%2Fwp%2Fv2%2Fcomments&post=243224"}],"version-history":[{"count":0,"href":"https:\/\/archive.sana.sy\/tr\/index.php?rest_route=\/wp\/v2\/posts\/243224\/revisions"}],"wp:featuredmedia":[{"embeddable":true,"href":"https:\/\/archive.sana.sy\/tr\/index.php?rest_route=\/wp\/v2\/media\/243225"}],"wp:attachment":[{"href":"https:\/\/archive.sana.sy\/tr\/index.php?rest_route=%2Fwp%2Fv2%2Fmedia&parent=243224"}],"wp:term":[{"taxonomy":"category","embeddable":true,"href":"https:\/\/archive.sana.sy\/tr\/index.php?rest_route=%2Fwp%2Fv2%2Fcategories&post=243224"},{"taxonomy":"post_tag","embeddable":true,"href":"https:\/\/archive.sana.sy\/tr\/index.php?rest_route=%2Fwp%2Fv2%2Ftags&post=243224"}],"curies":[{"name":"wp","href":"https:\/\/api.w.org\/{rel}","templated":true}]}}