{"id":24325,"date":"2015-02-20T14:50:07","date_gmt":"2015-02-20T12:50:07","guid":{"rendered":"http:\/\/www.sana.sy\/tr\/?p=24325"},"modified":"2015-02-20T14:50:07","modified_gmt":"2015-02-20T12:50:07","slug":"lavrov-dis-mudahale-ortadogu-bolgesinde-terorun-yayilmasina-neden-oldu","status":"publish","type":"post","link":"https:\/\/archive.sana.sy\/tr\/?p=24325","title":{"rendered":"Lavrov: D\u0131\u015f M\u00fcdahale Ortado\u011fu B\u00f6lgesinde Ter\u00f6r\u00fcn Yay\u0131lmas\u0131na Neden Oldu"},"content":{"rendered":"<p>MOSKOVA \u2013 Rusya D\u0131\u015fi\u015fleri Bakan\u0131 Sergey Lavrov Ortado\u011fu b\u00f6lgesinde bulunan devletlerin i\u00e7i\u015flerine y\u00f6nelik d\u0131\u015f m\u00fcdahalelerin b\u00f6lgede radikalizm ve ter\u00f6r\u00fcn yay\u0131lmas\u0131na neden oldu\u011funu ifade etti.<\/p>\n<p>Antakya ve T\u00fcm Do\u011fu Rum Ortodoks Patri\u011fi X. Yuhanna Yaz\u0131c\u0131 ile bug\u00fcn Moskova\u2019da bir araya gelen Lavrov; b\u00f6lgede ya\u015fanan durumlar\u0131n d\u0131\u015f m\u00fcdahale sonucu ortaya \u00e7\u0131kt\u0131\u011f\u0131na dikkat \u00e7ekerek Ortado\u011fu halklar\u0131n\u0131n gelece\u011fini etkileyen d\u0131\u015f m\u00fcdahale ve kay\u0131ts\u0131zl\u0131\u011f\u0131n b\u00f6lgede ter\u00f6r ve radikalizmin yay\u0131lmas\u0131yla sonu\u00e7land\u0131\u011f\u0131n\u0131n alt\u0131n\u0131 \u00e7izdi.<\/p>\n<p>\u00dclkesinin Ortado\u011fu b\u00f6lgesinde istikrar\u0131n sa\u011flanmas\u0131 y\u00f6n\u00fcndeki \u00e7abalar\u0131n\u0131 s\u00fcrd\u00fcrd\u00fc\u011f\u00fcne i\u015faret eden Lavrov; Moskova\u2019n\u0131n Suriye Krizinin bar\u0131\u015f\u00e7\u0131l y\u00f6ntemlerle \u00e7\u00f6z\u00fclmesi ve Irak\u2019ta istikrar\u0131n sars\u0131lmas\u0131na son vermek i\u00e7in \u00e7al\u0131\u015fmalar\u0131n\u0131 s\u00fcrd\u00fcrd\u00fc\u011f\u00fcn\u00fc vurgulad\u0131.<\/p>\n<p>\u00d6te yandan Yaz\u0131c\u0131; Ortado\u011fu b\u00f6lgesinde istikrar\u0131n sa\u011flanmas\u0131 i\u00e7in Rusya\u2019n\u0131n harcad\u0131\u011f\u0131 \u00e7abalar\u0131n takdire \u015fayan oldu\u011funu ifade etti.<\/p>\n<p>Bilinece\u011fi \u00fczere Yaz\u0131c\u0131; Moskova ve B\u00fct\u00fcn Rusya Patri\u011fi Patrik Kiril ile g\u00f6r\u00fc\u015fmek amac\u0131yla Moskova\u2019ya bir ziyarette bulundu. Yaz\u0131c\u0131 ziyaretinde Rusya\u2019n\u0131n Suriye&#8217;de ya\u015fanan krizin siyasi \u00e7\u00f6z\u00fcm\u00fcnde oynad\u0131\u011f\u0131 rol\u00fcn ve Suriye&#8217;ye sundu\u011fu insani yard\u0131mlar\u0131n \u00f6nemini vurgulad\u0131.<\/p>\n<p>F.B. &#8211; R.H.<\/p>\n","protected":false},"excerpt":{"rendered":"<p>MOSKOVA \u2013 Rusya D\u0131\u015fi\u015fleri Bakan\u0131 Sergey Lavrov Ortado\u011fu b\u00f6lgesinde bulunan devletlerin i\u00e7i\u015flerine y\u00f6nelik d\u0131\u015f m\u00fcdahalelerin b\u00f6lgede radikalizm ve ter\u00f6r\u00fcn yay\u0131lmas\u0131na neden oldu\u011funu ifade etti. Antakya ve T\u00fcm Do\u011fu Rum Ortodoks Patri\u011fi X. Yuhanna Yaz\u0131c\u0131 ile bug\u00fcn Moskova\u2019da bir araya gelen Lavrov; b\u00f6lgede ya\u015fanan durumlar\u0131n d\u0131\u015f m\u00fcdahale sonucu ortaya \u00e7\u0131kt\u0131\u011f\u0131na dikkat \u00e7ekerek Ortado\u011fu halklar\u0131n\u0131n gelece\u011fini etkileyen &hellip;<\/p>\n","protected":false},"author":1,"featured_media":24326,"comment_status":"closed","ping_status":"closed","sticky":false,"template":"","format":"standard","meta":{"footnotes":""},"categories":[458,459,447],"tags":[11639],"class_list":["post-24325","post","type-post","status-publish","format-standard","has-post-thumbnail","","category-dunya1","category-haberler-arap-uluslararasi-politika","category-politika","tag-lavrov-dis-mudahale-ortadogu-bolgesinde-terorun-yayilmasina-neden-oldu-moskova-rusya-disisleri-bakani-sergey-lavrov-ortadogu-bolgesinde-bulunan-devletlerin-icislerine-yonelik-dis-mudahalele"],"_links":{"self":[{"href":"https:\/\/archive.sana.sy\/tr\/index.php?rest_route=\/wp\/v2\/posts\/24325","targetHints":{"allow":["GET"]}}],"collection":[{"href":"https:\/\/archive.sana.sy\/tr\/index.php?rest_route=\/wp\/v2\/posts"}],"about":[{"href":"https:\/\/archive.sana.sy\/tr\/index.php?rest_route=\/wp\/v2\/types\/post"}],"author":[{"embeddable":true,"href":"https:\/\/archive.sana.sy\/tr\/index.php?rest_route=\/wp\/v2\/users\/1"}],"replies":[{"embeddable":true,"href":"https:\/\/archive.sana.sy\/tr\/index.php?rest_route=%2Fwp%2Fv2%2Fcomments&post=24325"}],"version-history":[{"count":0,"href":"https:\/\/archive.sana.sy\/tr\/index.php?rest_route=\/wp\/v2\/posts\/24325\/revisions"}],"wp:featuredmedia":[{"embeddable":true,"href":"https:\/\/archive.sana.sy\/tr\/index.php?rest_route=\/wp\/v2\/media\/24326"}],"wp:attachment":[{"href":"https:\/\/archive.sana.sy\/tr\/index.php?rest_route=%2Fwp%2Fv2%2Fmedia&parent=24325"}],"wp:term":[{"taxonomy":"category","embeddable":true,"href":"https:\/\/archive.sana.sy\/tr\/index.php?rest_route=%2Fwp%2Fv2%2Fcategories&post=24325"},{"taxonomy":"post_tag","embeddable":true,"href":"https:\/\/archive.sana.sy\/tr\/index.php?rest_route=%2Fwp%2Fv2%2Ftags&post=24325"}],"curies":[{"name":"wp","href":"https:\/\/api.w.org\/{rel}","templated":true}]}}