{"id":243344,"date":"2021-09-20T13:55:11","date_gmt":"2021-09-20T10:55:11","guid":{"rendered":"http:\/\/107.6.182.27\/tr\/?p=243344"},"modified":"2021-09-22T08:21:00","modified_gmt":"2021-09-22T05:21:00","slug":"hama-kirsalinda-meydana-gelen-mayin-patlamasinda-uc-cocuk-yarali-dustu","status":"publish","type":"post","link":"https:\/\/archive.sana.sy\/tr\/?p=243344","title":{"rendered":"Ter\u00f6r Art\u0131\u011f\u0131 May\u0131n Patlad\u0131 \u00dc\u00e7 \u00c7ocuk Yaraland\u0131"},"content":{"rendered":"<p>HAMA \u2013 Hama k\u0131rsal\u0131n\u0131n kuzeyinde bulunan el \u015eeriya Beldesinde radikal ter\u00f6r \u00f6rg\u00fctlerinden kalma bir may\u0131n\u0131n patlamas\u0131 sonucunda \u00fc\u00e7 \u00e7ocuk yaral\u0131 d\u00fc\u015ft\u00fc.<\/p>\n<p>SANA muhabiri, Hama k\u0131rsal\u0131n\u0131n kuzeyinde yer alan el \u015eeriya Beldesinde radikal ter\u00f6r \u00f6rg\u00fctlerinin b\u00f6lgeden def edilmeden saklad\u0131klar\u0131n\u0131 bir may\u0131n\u0131n patlad\u0131\u011f\u0131n\u0131 ve bunun sonucunda \u00fc\u00e7 \u00e7ocu\u011fun yaral\u0131 d\u00fc\u015ft\u00fc\u011f\u00fc belirtti. Muhabir, yaral\u0131 d\u00fc\u015fen \u00e7ocuklar\u0131n hastaneye kald\u0131r\u0131ld\u0131klar\u0131n\u0131 ve onlara gerekli t\u0131bbi m\u00fcdahalelerin yap\u0131ld\u0131\u011f\u0131n\u0131 s\u00f6zlerine ekledi.<\/p>\n<p>P.M.<\/p>\n","protected":false},"excerpt":{"rendered":"<p>HAMA \u2013 Hama k\u0131rsal\u0131n\u0131n kuzeyinde bulunan el \u015eeriya Beldesinde radikal ter\u00f6r \u00f6rg\u00fctlerinden kalma bir may\u0131n\u0131n patlamas\u0131 sonucunda \u00fc\u00e7 \u00e7ocuk yaral\u0131 d\u00fc\u015ft\u00fc. SANA muhabiri, Hama k\u0131rsal\u0131n\u0131n kuzeyinde yer alan el \u015eeriya Beldesinde radikal ter\u00f6r \u00f6rg\u00fctlerinin b\u00f6lgeden def edilmeden saklad\u0131klar\u0131n\u0131 bir may\u0131n\u0131n patlad\u0131\u011f\u0131n\u0131 ve bunun sonucunda \u00fc\u00e7 \u00e7ocu\u011fun yaral\u0131 d\u00fc\u015ft\u00fc\u011f\u00fc belirtti. Muhabir, yaral\u0131 d\u00fc\u015fen \u00e7ocuklar\u0131n hastaneye kald\u0131r\u0131ld\u0131klar\u0131n\u0131 &hellip;<\/p>\n","protected":false},"author":1,"featured_media":243348,"comment_status":"closed","ping_status":"closed","sticky":false,"template":"","format":"standard","meta":{"footnotes":""},"categories":[479,575,17988,478],"tags":[],"class_list":["post-243344","post","type-post","status-publish","format-standard","has-post-thumbnail","","category-haberler-yerel","category-olaylar-ve-gercekler","category-son-haberler","category-yerel"],"_links":{"self":[{"href":"https:\/\/archive.sana.sy\/tr\/index.php?rest_route=\/wp\/v2\/posts\/243344","targetHints":{"allow":["GET"]}}],"collection":[{"href":"https:\/\/archive.sana.sy\/tr\/index.php?rest_route=\/wp\/v2\/posts"}],"about":[{"href":"https:\/\/archive.sana.sy\/tr\/index.php?rest_route=\/wp\/v2\/types\/post"}],"author":[{"embeddable":true,"href":"https:\/\/archive.sana.sy\/tr\/index.php?rest_route=\/wp\/v2\/users\/1"}],"replies":[{"embeddable":true,"href":"https:\/\/archive.sana.sy\/tr\/index.php?rest_route=%2Fwp%2Fv2%2Fcomments&post=243344"}],"version-history":[{"count":0,"href":"https:\/\/archive.sana.sy\/tr\/index.php?rest_route=\/wp\/v2\/posts\/243344\/revisions"}],"wp:featuredmedia":[{"embeddable":true,"href":"https:\/\/archive.sana.sy\/tr\/index.php?rest_route=\/wp\/v2\/media\/243348"}],"wp:attachment":[{"href":"https:\/\/archive.sana.sy\/tr\/index.php?rest_route=%2Fwp%2Fv2%2Fmedia&parent=243344"}],"wp:term":[{"taxonomy":"category","embeddable":true,"href":"https:\/\/archive.sana.sy\/tr\/index.php?rest_route=%2Fwp%2Fv2%2Fcategories&post=243344"},{"taxonomy":"post_tag","embeddable":true,"href":"https:\/\/archive.sana.sy\/tr\/index.php?rest_route=%2Fwp%2Fv2%2Ftags&post=243344"}],"curies":[{"name":"wp","href":"https:\/\/api.w.org\/{rel}","templated":true}]}}