{"id":243556,"date":"2021-09-24T15:32:16","date_gmt":"2021-09-24T12:32:16","guid":{"rendered":"http:\/\/107.6.182.27\/tr\/?p=243556"},"modified":"2021-09-25T16:23:17","modified_gmt":"2021-09-25T13:23:17","slug":"ummu-hisamin-olaganustu-basari-hikayesi-50lerde-okuryazarliktan-80lerde-universite-mezuniyetine","status":"publish","type":"post","link":"https:\/\/archive.sana.sy\/tr\/?p=243556","title":{"rendered":"\u00dcmm\u00fc Hi\u015fam&#8217;\u0131n Ola\u011fan\u00fcst\u00fc Ba\u015far\u0131 Hikayesi.. 50&#8217;lerde Okuryazarl\u0131ktan 80&#8217;lerde \u00dcniversite Mezuniyetine"},"content":{"rendered":"<p>LAZK\u0130YE &#8211; Necla&#8217;n\u0131n hayali uzun zaman \u00f6nce ba\u015flad\u0131.. Do\u011fum yap\u0131p 10 \u00e7ocuk b\u00fcy\u00fctt\u00fckten sonra hayallerine ba\u011fl\u0131 kald\u0131.. Elli ya\u015f\u0131n\u0131 ge\u00e7tikten sonra tesad\u00fcfen duydu\u011fu bir okuma yazma kursu ile okula d\u00f6nd\u00fc. Lazkiye&#8217;deki Ti\u015frin \u00dcniversitesi K\u00fct\u00fcphaneler ve Enformasyon B\u00f6l\u00fcm\u00fcnden diploma sahipi oldu.<\/p>\n<p><a href=\"http:\/\/107.6.182.27\/tr\/wp-content\/uploads\/2021\/09\/11-127-300x200-1.jpg\"><img loading=\"lazy\" decoding=\"async\" class=\"alignright size-full wp-image-243582\" src=\"http:\/\/107.6.182.27\/tr\/wp-content\/uploads\/2021\/09\/11-127-300x200-1.jpg\" alt=\"\" width=\"300\" height=\"200\" srcset=\"https:\/\/archive.sana.sy\/tr\/wp-content\/uploads\/2021\/09\/11-127-300x200-1.jpg 300w, https:\/\/archive.sana.sy\/tr\/wp-content\/uploads\/2021\/09\/11-127-300x200-1-150x100.jpg 150w\" sizes=\"auto, (max-width: 300px) 100vw, 300px\" \/><\/a>Esma Esad han\u0131m\u0131n onunla tan\u0131\u015ft\u0131\u011f\u0131 ve ondan ola\u011fan\u00fcst\u00fc h\u0131rs hikayesini duydu\u011fu 79 ya\u015f\u0131ndaki Necla Bur\u011ful&#8217;un hayat hikayesinde sadece ba\u015far\u0131lar bulunmaktad\u0131r. Onunla, i\u00e7indeki meydan okuma ve kararl\u0131l\u0131k ruhu hakk\u0131nda konu\u015ftu. Suriyeli kad\u0131n\u0131n g\u00fcc\u00fcn\u00fc, ya\u015fama iradesine ba\u011fl\u0131l\u0131\u011f\u0131n\u0131 ve zorlu ko\u015fullar\u0131n meydan okumas\u0131n\u0131 ger\u00e7ekten somutla\u015ft\u0131rman\u0131n bir yolunu bilmeyen h\u00fcsran ve \u00e7aresizlik hikayelerini dinledi.<\/p>\n<p>Necla \u00dcmm\u00fc Hi\u015fam, 52 ya\u015f\u0131nda Genel Kad\u0131nlar Birli\u011fi taraf\u0131ndan d\u00fczenlenen iki y\u0131ll\u0131k bir okuma yazma kursuna kat\u0131ld\u0131. Ba\u015far\u0131 ve azim istasyonlar\u0131yla noktalanan uzun bir bilim ve bilgi edinme yolculu\u011funda ilk ad\u0131mlar\u0131n\u0131 atmas\u0131n\u0131n ba\u015flang\u0131\u00e7 \u200b\u200bnoktas\u0131yd\u0131.<\/p>\n<p>SANA muhabirine anlatt\u0131klar\u0131na g\u00f6re ba\u015far\u0131lar ve ba\u015far\u0131s\u0131zl\u0131k istasyonlar\u0131nda bazen sevin\u00e7, bazen h\u00fcz\u00fcn ve hayal k\u0131r\u0131kl\u0131\u011f\u0131 ile kar\u0131\u015f\u0131k ama her seferinde devam etmesi i\u00e7in ona daha fazla ivme kazand\u0131rd\u0131\u011f\u0131n\u0131 anlat\u0131yor.<\/p>\n<p><a href=\"http:\/\/107.6.182.27\/tr\/wp-content\/uploads\/2021\/09\/10-134-310x205-1.jpg\"><img loading=\"lazy\" decoding=\"async\" class=\"alignright size-medium wp-image-243583\" src=\"http:\/\/107.6.182.27\/tr\/wp-content\/uploads\/2021\/09\/10-134-310x205-1-300x198.jpg\" alt=\"\" width=\"300\" height=\"198\" srcset=\"https:\/\/archive.sana.sy\/tr\/wp-content\/uploads\/2021\/09\/10-134-310x205-1-300x198.jpg 300w, https:\/\/archive.sana.sy\/tr\/wp-content\/uploads\/2021\/09\/10-134-310x205-1-150x99.jpg 150w, https:\/\/archive.sana.sy\/tr\/wp-content\/uploads\/2021\/09\/10-134-310x205-1.jpg 310w\" sizes=\"auto, (max-width: 300px) 100vw, 300px\" \/><\/a>\u00dcmm\u00fc Hi\u015fam, ilkokul alt\u0131nc\u0131 s\u0131n\u0131f kurs ve s\u0131navlar\u0131ndaki ba\u015far\u0131 belgesini, kendisi ve ailesi ter\u00f6r nedeniyle yerlerinden edildikten sonra \u015eam&#8217;\u0131n Kabun b\u00f6lgesindeki evinden ald\u0131\u011f\u0131n\u0131 ve yeni yolculu\u011funa ba\u015flamak i\u00e7in Lazkiye&#8217;ye ta\u015f\u0131nd\u0131\u011f\u0131n\u0131 belirtti.<\/p>\n<p>\u00dcmm\u00fc Hi\u015fam&#8217;\u0131n \u201cdokuzuncu s\u0131n\u0131f\u201d haz\u0131rl\u0131k sertifika s\u0131navlar\u0131nda iki y\u0131l \u00fcst \u00fcste ba\u015far\u0131s\u0131z olmas\u0131, daha b\u00fcy\u00fck bir hayali ger\u00e7ekle\u015ftirme hevesini ve azmini kaybettirmedi. Ger\u00e7ekten \u00fc\u00e7\u00fcnc\u00fc kez ba\u015far\u0131l\u0131 olmay\u0131 ba\u015fard\u0131 ve ertesi y\u0131l lise sertifikas\u0131n\u0131 ald\u0131. \u00dcniversiteye, K\u00fct\u00fcphaneler ve Enformasyon B\u00f6l\u00fcm\u00fc&#8217;ne girmeye hak kazanan bir not toplam\u0131 elde etti. \u00dcmm\u00fc Hi\u015fam: &#8220;Anlama ve ezberleme konusunda nispeten yava\u015f olmama ra\u011fmen, ya\u015f\u0131n da hakk\u0131n\u0131n oldu\u011funu&#8221; s\u00f6yl\u00fcyor.<\/p>\n<p>\u00dcmm\u00fc Hisham, &#8220;Bili\u015fim Teknolojisinin Evrimi ve Dijital K\u00fct\u00fcphaneye Ge\u00e7i\u015f&#8221; ba\u015fl\u0131kl\u0131 mezuniyet projesini ve zaman\u0131n nas\u0131l geri d\u00f6nd\u00fc\u011f\u00fcn\u00fc anlat\u0131rken y\u00fcre\u011fine i\u015fleyen gurur duygular\u0131n\u0131 anlatt\u0131&#8230; bilim ve bilgi y\u00fcr\u00fcy\u00fc\u015f\u00fcnde ilerleyin \u00e7\u00fcnk\u00fc bir insan\u0131 in\u015fa etmenin ve ulusu ilerletmenin en iyi yolu budur&#8221; dedi.<\/p>\n<p>Necla Bur\u011ful&#8217;un hayali bu ba\u015far\u0131yla son bulmad\u0131; &#8220;E\u011fitimime devam etmeyi ve y\u00fcksek lisans yapmay\u0131 hedefliyorum \u00e7\u00fcnk\u00fc bilim ve \u00e7al\u0131\u015fma yolculu\u011fu belirli bir ya\u015fta veya s\u0131n\u0131rda bitmiyor&#8221; dedi.<\/p>\n<p>S.\u015e.<\/p>\n","protected":false},"excerpt":{"rendered":"<p>LAZK\u0130YE &#8211; Necla&#8217;n\u0131n hayali uzun zaman \u00f6nce ba\u015flad\u0131.. Do\u011fum yap\u0131p 10 \u00e7ocuk b\u00fcy\u00fctt\u00fckten sonra hayallerine ba\u011fl\u0131 kald\u0131.. Elli ya\u015f\u0131n\u0131 ge\u00e7tikten sonra tesad\u00fcfen duydu\u011fu bir okuma yazma kursu ile okula d\u00f6nd\u00fc. Lazkiye&#8217;deki Ti\u015frin \u00dcniversitesi K\u00fct\u00fcphaneler ve Enformasyon B\u00f6l\u00fcm\u00fcnden diploma sahipi oldu. Esma Esad han\u0131m\u0131n onunla tan\u0131\u015ft\u0131\u011f\u0131 ve ondan ola\u011fan\u00fcst\u00fc h\u0131rs hikayesini duydu\u011fu 79 ya\u015f\u0131ndaki Necla Bur\u011ful&#8217;un &hellip;<\/p>\n","protected":false},"author":1,"featured_media":243581,"comment_status":"closed","ping_status":"closed","sticky":false,"template":"","format":"standard","meta":{"footnotes":""},"categories":[526,479,17988,525,478],"tags":[],"class_list":["post-243556","post","type-post","status-publish","format-standard","has-post-thumbnail","","category-haber-ve-raporlar","category-haberler-yerel","category-son-haberler","category-toplum","category-yerel"],"_links":{"self":[{"href":"https:\/\/archive.sana.sy\/tr\/index.php?rest_route=\/wp\/v2\/posts\/243556","targetHints":{"allow":["GET"]}}],"collection":[{"href":"https:\/\/archive.sana.sy\/tr\/index.php?rest_route=\/wp\/v2\/posts"}],"about":[{"href":"https:\/\/archive.sana.sy\/tr\/index.php?rest_route=\/wp\/v2\/types\/post"}],"author":[{"embeddable":true,"href":"https:\/\/archive.sana.sy\/tr\/index.php?rest_route=\/wp\/v2\/users\/1"}],"replies":[{"embeddable":true,"href":"https:\/\/archive.sana.sy\/tr\/index.php?rest_route=%2Fwp%2Fv2%2Fcomments&post=243556"}],"version-history":[{"count":0,"href":"https:\/\/archive.sana.sy\/tr\/index.php?rest_route=\/wp\/v2\/posts\/243556\/revisions"}],"wp:featuredmedia":[{"embeddable":true,"href":"https:\/\/archive.sana.sy\/tr\/index.php?rest_route=\/wp\/v2\/media\/243581"}],"wp:attachment":[{"href":"https:\/\/archive.sana.sy\/tr\/index.php?rest_route=%2Fwp%2Fv2%2Fmedia&parent=243556"}],"wp:term":[{"taxonomy":"category","embeddable":true,"href":"https:\/\/archive.sana.sy\/tr\/index.php?rest_route=%2Fwp%2Fv2%2Fcategories&post=243556"},{"taxonomy":"post_tag","embeddable":true,"href":"https:\/\/archive.sana.sy\/tr\/index.php?rest_route=%2Fwp%2Fv2%2Ftags&post=243556"}],"curies":[{"name":"wp","href":"https:\/\/api.w.org\/{rel}","templated":true}]}}