{"id":243585,"date":"2021-09-24T15:37:00","date_gmt":"2021-09-24T12:37:00","guid":{"rendered":"http:\/\/107.6.182.27\/tr\/?p=243585"},"modified":"2021-09-25T17:23:21","modified_gmt":"2021-09-25T14:23:21","slug":"mikdad-amerikan-isgal-gucleri-suriyeden-cekmek-zorundadir","status":"publish","type":"post","link":"https:\/\/archive.sana.sy\/tr\/?p=243585","title":{"rendered":"Mikdad: Amerikan \u0130\u015fgal G\u00fc\u00e7leri Suriye&#8217;den \u00c7ekilmek Zorundad\u0131r"},"content":{"rendered":"<p>NEW YORK \u2013 D\u0131\u015fi\u015fleri ve Gurbet\u00e7iler Bakan\u0131 Feysal el Mikdad, ABD&#8217;nin g\u00fc\u00e7lerini Suriye&#8217;den \u00e7ekmek zorunda oldu\u011funu teyit etti.<\/p>\n<p>Rusya 24 TV kanal\u0131na a\u00e7\u0131klamada bulunan Bakan el Mikdad, &#8220;ABD g\u00fc\u00e7lerinin Suriye&#8217;deki varl\u0131\u011f\u0131 yasa d\u0131\u015f\u0131d\u0131r ve bir an \u00f6nce ayr\u0131lmalar\u0131 gerekir&#8221; dedi.<\/p>\n<p>Bakan el Mikdad, &#8220;E\u011fer yapmazlarsa, sonlar\u0131 Afganistan&#8217;da veya ba\u015fka herhangi bir \u00fclkede oldu\u011fu gibi olacak&#8221; ifaderleri ekledi.<\/p>\n<p>P.M.<\/p>\n","protected":false},"excerpt":{"rendered":"<p>NEW YORK \u2013 D\u0131\u015fi\u015fleri ve Gurbet\u00e7iler Bakan\u0131 Feysal el Mikdad, ABD&#8217;nin g\u00fc\u00e7lerini Suriye&#8217;den \u00e7ekmek zorunda oldu\u011funu teyit etti. Rusya 24 TV kanal\u0131na a\u00e7\u0131klamada bulunan Bakan el Mikdad, &#8220;ABD g\u00fc\u00e7lerinin Suriye&#8217;deki varl\u0131\u011f\u0131 yasa d\u0131\u015f\u0131d\u0131r ve bir an \u00f6nce ayr\u0131lmalar\u0131 gerekir&#8221; dedi. Bakan el Mikdad, &#8220;E\u011fer yapmazlarsa, sonlar\u0131 Afganistan&#8217;da veya ba\u015fka herhangi bir \u00fclkede oldu\u011fu gibi olacak&#8221; &hellip;<\/p>\n","protected":false},"author":1,"featured_media":243586,"comment_status":"closed","ping_status":"closed","sticky":false,"template":"","format":"standard","meta":{"footnotes":""},"categories":[458,459,17988],"tags":[],"class_list":["post-243585","post","type-post","status-publish","format-standard","has-post-thumbnail","","category-dunya1","category-haberler-arap-uluslararasi-politika","category-son-haberler"],"_links":{"self":[{"href":"https:\/\/archive.sana.sy\/tr\/index.php?rest_route=\/wp\/v2\/posts\/243585","targetHints":{"allow":["GET"]}}],"collection":[{"href":"https:\/\/archive.sana.sy\/tr\/index.php?rest_route=\/wp\/v2\/posts"}],"about":[{"href":"https:\/\/archive.sana.sy\/tr\/index.php?rest_route=\/wp\/v2\/types\/post"}],"author":[{"embeddable":true,"href":"https:\/\/archive.sana.sy\/tr\/index.php?rest_route=\/wp\/v2\/users\/1"}],"replies":[{"embeddable":true,"href":"https:\/\/archive.sana.sy\/tr\/index.php?rest_route=%2Fwp%2Fv2%2Fcomments&post=243585"}],"version-history":[{"count":0,"href":"https:\/\/archive.sana.sy\/tr\/index.php?rest_route=\/wp\/v2\/posts\/243585\/revisions"}],"wp:featuredmedia":[{"embeddable":true,"href":"https:\/\/archive.sana.sy\/tr\/index.php?rest_route=\/wp\/v2\/media\/243586"}],"wp:attachment":[{"href":"https:\/\/archive.sana.sy\/tr\/index.php?rest_route=%2Fwp%2Fv2%2Fmedia&parent=243585"}],"wp:term":[{"taxonomy":"category","embeddable":true,"href":"https:\/\/archive.sana.sy\/tr\/index.php?rest_route=%2Fwp%2Fv2%2Fcategories&post=243585"},{"taxonomy":"post_tag","embeddable":true,"href":"https:\/\/archive.sana.sy\/tr\/index.php?rest_route=%2Fwp%2Fv2%2Ftags&post=243585"}],"curies":[{"name":"wp","href":"https:\/\/api.w.org\/{rel}","templated":true}]}}