{"id":243725,"date":"2021-09-27T12:29:41","date_gmt":"2021-09-27T09:29:41","guid":{"rendered":"http:\/\/107.6.182.27\/tr\/?p=243725"},"modified":"2021-09-28T08:15:56","modified_gmt":"2021-09-28T05:15:56","slug":"turk-isgali-azez-yakinlarindaki-bazi-koylere-fuzelerle-saldirdi","status":"publish","type":"post","link":"https:\/\/archive.sana.sy\/tr\/?p=243725","title":{"rendered":"T\u00fcrk \u0130\u015fgali Azez Yak\u0131nlar\u0131ndaki Baz\u0131 K\u00f6ylere F\u00fczelerle Sald\u0131rd\u0131"},"content":{"rendered":"<p>HALEP \u2013 T\u00fcrk i\u015fgal g\u00fc\u00e7leri ve ter\u00f6r gruplar\u0131ndan kiral\u0131klar\u0131, Halep k\u0131rsal\u0131n\u0131n kuzeyinde i\u015fgal alt\u0131ndaki Azez kenti yak\u0131nlar\u0131ndaki \u00e7ok say\u0131da k\u00f6y ve beldeye top ve f\u00fcze mermileriyle sald\u0131rd\u0131.<\/p>\n<p>SANA&#8217;n\u0131n Halep muhabiri yerel kaynaklardan aktard\u0131\u011f\u0131na g\u00f6re, Halep k\u0131rsal\u0131n\u0131n kuzeybat\u0131s\u0131nda yer alan Azez kentinin g\u00fcney eteklerinde i\u015fgal ettikleri b\u00f6lgelerde konu\u015flanan T\u00fcrk i\u015fgal g\u00fc\u00e7leri ve kiral\u0131klar\u0131n\u0131n, Burj El Kas, Meyase ve El \u015eeyh \u0130sa k\u00f6ylerindeki yerle\u015fim birimlerini top\u00e7u ve f\u00fcze mermileriyle bombalad\u0131\u011f\u0131n\u0131 belirtti.<\/p>\n<p>Kaynaklar, s\u00f6z konusu sald\u0131r\u0131lar\u0131n sonucunda, kamu ve \u00f6zel m\u00fclklerde maddi hasarlara yol a\u00e7t\u0131\u011f\u0131na i\u015faret etti.<\/p>\n<p>&nbsp;<\/p>\n","protected":false},"excerpt":{"rendered":"<p>HALEP \u2013 T\u00fcrk i\u015fgal g\u00fc\u00e7leri ve ter\u00f6r gruplar\u0131ndan kiral\u0131klar\u0131, Halep k\u0131rsal\u0131n\u0131n kuzeyinde i\u015fgal alt\u0131ndaki Azez kenti yak\u0131nlar\u0131ndaki \u00e7ok say\u0131da k\u00f6y ve beldeye top ve f\u00fcze mermileriyle sald\u0131rd\u0131. SANA&#8217;n\u0131n Halep muhabiri yerel kaynaklardan aktard\u0131\u011f\u0131na g\u00f6re, Halep k\u0131rsal\u0131n\u0131n kuzeybat\u0131s\u0131nda yer alan Azez kentinin g\u00fcney eteklerinde i\u015fgal ettikleri b\u00f6lgelerde konu\u015flanan T\u00fcrk i\u015fgal g\u00fc\u00e7leri ve kiral\u0131klar\u0131n\u0131n, Burj El Kas, &hellip;<\/p>\n","protected":false},"author":36,"featured_media":243726,"comment_status":"closed","ping_status":"closed","sticky":false,"template":"","format":"standard","meta":{"footnotes":""},"categories":[479,575,17988,2554,2555,478],"tags":[],"class_list":["post-243725","post","type-post","status-publish","format-standard","has-post-thumbnail","","category-haberler-yerel","category-olaylar-ve-gercekler","category-son-haberler","category-suriye-ve-dunya","category-suriye-ve-turkiye","category-yerel"],"_links":{"self":[{"href":"https:\/\/archive.sana.sy\/tr\/index.php?rest_route=\/wp\/v2\/posts\/243725","targetHints":{"allow":["GET"]}}],"collection":[{"href":"https:\/\/archive.sana.sy\/tr\/index.php?rest_route=\/wp\/v2\/posts"}],"about":[{"href":"https:\/\/archive.sana.sy\/tr\/index.php?rest_route=\/wp\/v2\/types\/post"}],"author":[{"embeddable":true,"href":"https:\/\/archive.sana.sy\/tr\/index.php?rest_route=\/wp\/v2\/users\/36"}],"replies":[{"embeddable":true,"href":"https:\/\/archive.sana.sy\/tr\/index.php?rest_route=%2Fwp%2Fv2%2Fcomments&post=243725"}],"version-history":[{"count":0,"href":"https:\/\/archive.sana.sy\/tr\/index.php?rest_route=\/wp\/v2\/posts\/243725\/revisions"}],"wp:featuredmedia":[{"embeddable":true,"href":"https:\/\/archive.sana.sy\/tr\/index.php?rest_route=\/wp\/v2\/media\/243726"}],"wp:attachment":[{"href":"https:\/\/archive.sana.sy\/tr\/index.php?rest_route=%2Fwp%2Fv2%2Fmedia&parent=243725"}],"wp:term":[{"taxonomy":"category","embeddable":true,"href":"https:\/\/archive.sana.sy\/tr\/index.php?rest_route=%2Fwp%2Fv2%2Fcategories&post=243725"},{"taxonomy":"post_tag","embeddable":true,"href":"https:\/\/archive.sana.sy\/tr\/index.php?rest_route=%2Fwp%2Fv2%2Ftags&post=243725"}],"curies":[{"name":"wp","href":"https:\/\/api.w.org\/{rel}","templated":true}]}}