{"id":243989,"date":"2021-10-02T15:20:09","date_gmt":"2021-10-02T12:20:09","guid":{"rendered":"http:\/\/107.6.182.27\/tr\/?p=243989"},"modified":"2021-10-04T08:14:43","modified_gmt":"2021-10-04T05:14:43","slug":"dera-nevada-bazi-silahlilarin-ve-aranan-kisilerin-durumlarini-duzeltme-eylemi-suruyor","status":"publish","type":"post","link":"https:\/\/archive.sana.sy\/tr\/?p=243989","title":{"rendered":"Dera Neva&#8217;da Baz\u0131 Silahl\u0131lar\u0131n Ve Aranan Ki\u015filerin Durumlar\u0131n\u0131 D\u00fczeltme Eylemi S\u00fcr\u00fcyor"},"content":{"rendered":"<p style=\"text-align: justify;\">DERA &#8211; Yetkili makamlar, Suriye Arap Ordusu birimleriyle i\u015fbirli\u011fi i\u00e7inde, Dera&#8217;n\u0131n kuzey k\u0131rsal\u0131ndaki Neva kentinde silahl\u0131lar\u0131n, aranan ki\u015filerin ve askerlik hizmetinden ka\u00e7anlar\u0131n durumlar\u0131n\u0131 d\u00fczenleme eylemi s\u00fcr\u00fcyor.<\/p>\n<p style=\"text-align: justify;\">SANA&#8217;n\u0131n sava\u015f muhabiri, devlet taraf\u0131ndan \u00f6nerilen uzla\u015fma anla\u015fmas\u0131n\u0131n uygulanmas\u0131nda ve hizmet kurumlar\u0131n\u0131n restorasyonuna haz\u0131rlan\u0131rken, baz\u0131lar\u0131n\u0131n silahlar\u0131n\u0131 Suriye Arap Ordusuna teslim etmesi ve b\u00f6lgede normal hayata tam d\u00f6n\u00fc\u015f \u00e7er\u00e7evesinde, Neva kenti ve Dera&#8217;n\u0131n kuzey k\u0131rsal\u0131ndaki Nasiriye, S\u00fckkeriyye, \u015eeyh Saad, Cubeyliye ve Advan k\u00f6ylerinde baz\u0131 sakinlerin bug\u00fcn Neva kentindeki K\u0131rsal Kalk\u0131nma Merkezi&#8217;ne ak\u0131n etti\u011fini bildirdi.<\/p>\n","protected":false},"excerpt":{"rendered":"<p>DERA &#8211; Yetkili makamlar, Suriye Arap Ordusu birimleriyle i\u015fbirli\u011fi i\u00e7inde, Dera&#8217;n\u0131n kuzey k\u0131rsal\u0131ndaki Neva kentinde silahl\u0131lar\u0131n, aranan ki\u015filerin ve askerlik hizmetinden ka\u00e7anlar\u0131n durumlar\u0131n\u0131 d\u00fczenleme eylemi s\u00fcr\u00fcyor. SANA&#8217;n\u0131n sava\u015f muhabiri, devlet taraf\u0131ndan \u00f6nerilen uzla\u015fma anla\u015fmas\u0131n\u0131n uygulanmas\u0131nda ve hizmet kurumlar\u0131n\u0131n restorasyonuna haz\u0131rlan\u0131rken, baz\u0131lar\u0131n\u0131n silahlar\u0131n\u0131 Suriye Arap Ordusuna teslim etmesi ve b\u00f6lgede normal hayata tam d\u00f6n\u00fc\u015f \u00e7er\u00e7evesinde, Neva &hellip;<\/p>\n","protected":false},"author":1,"featured_media":243990,"comment_status":"closed","ping_status":"closed","sticky":false,"template":"","format":"standard","meta":{"footnotes":""},"categories":[479,575,17988,478],"tags":[],"class_list":["post-243989","post","type-post","status-publish","format-standard","has-post-thumbnail","","category-haberler-yerel","category-olaylar-ve-gercekler","category-son-haberler","category-yerel"],"_links":{"self":[{"href":"https:\/\/archive.sana.sy\/tr\/index.php?rest_route=\/wp\/v2\/posts\/243989","targetHints":{"allow":["GET"]}}],"collection":[{"href":"https:\/\/archive.sana.sy\/tr\/index.php?rest_route=\/wp\/v2\/posts"}],"about":[{"href":"https:\/\/archive.sana.sy\/tr\/index.php?rest_route=\/wp\/v2\/types\/post"}],"author":[{"embeddable":true,"href":"https:\/\/archive.sana.sy\/tr\/index.php?rest_route=\/wp\/v2\/users\/1"}],"replies":[{"embeddable":true,"href":"https:\/\/archive.sana.sy\/tr\/index.php?rest_route=%2Fwp%2Fv2%2Fcomments&post=243989"}],"version-history":[{"count":0,"href":"https:\/\/archive.sana.sy\/tr\/index.php?rest_route=\/wp\/v2\/posts\/243989\/revisions"}],"wp:featuredmedia":[{"embeddable":true,"href":"https:\/\/archive.sana.sy\/tr\/index.php?rest_route=\/wp\/v2\/media\/243990"}],"wp:attachment":[{"href":"https:\/\/archive.sana.sy\/tr\/index.php?rest_route=%2Fwp%2Fv2%2Fmedia&parent=243989"}],"wp:term":[{"taxonomy":"category","embeddable":true,"href":"https:\/\/archive.sana.sy\/tr\/index.php?rest_route=%2Fwp%2Fv2%2Fcategories&post=243989"},{"taxonomy":"post_tag","embeddable":true,"href":"https:\/\/archive.sana.sy\/tr\/index.php?rest_route=%2Fwp%2Fv2%2Ftags&post=243989"}],"curies":[{"name":"wp","href":"https:\/\/api.w.org\/{rel}","templated":true}]}}