{"id":243992,"date":"2021-10-02T15:22:21","date_gmt":"2021-10-02T12:22:21","guid":{"rendered":"http:\/\/107.6.182.27\/tr\/?p=243992"},"modified":"2021-10-04T08:14:46","modified_gmt":"2021-10-04T05:14:46","slug":"suriye-ve-iran-ekonomik-ve-yatirim-alanlarinda-isbirligini-gorustu","status":"publish","type":"post","link":"https:\/\/archive.sana.sy\/tr\/?p=243992","title":{"rendered":"Suriye Ve \u0130ran, Ekonomik Ve Yat\u0131r\u0131m Alanlar\u0131nda \u0130\u015fbirli\u011fini G\u00f6r\u00fc\u015ft\u00fc"},"content":{"rendered":"<p style=\"text-align: justify;\">DUBA\u0130 &#8211; Ekonomi ve D\u0131\u015f Ticaret Bakan\u0131 Dr. Muhammed Samir Al Halil, \u0130ran Turizm Bakan Yard\u0131mc\u0131s\u0131 Ali Asgar \u015ealavian ile \u201cDubai Expo 2020\u201ddeki Suriye pavyonunda ekonomik alanda s\u00fcrekli i\u015fbirli\u011fi ve koordinasyonun \u00f6nemini ve iki \u00fclke aras\u0131ndaki yat\u0131r\u0131m alanlar\u0131 konular\u0131n\u0131 g\u00f6r\u00fc\u015ft\u00fc.<\/p>\n<p style=\"text-align: justify;\">Fuar\u0131n oturum aralar\u0131nda ger\u00e7ekle\u015fen toplant\u0131da \u015ealbavian, \u0130ran&#8217;\u0131n Suriye&#8217;de ter\u00f6rizm taraf\u0131ndan sabote edilen arkeolojik ve turistik alanlar\u0131n yeniden in\u015fas\u0131 ve restorasyonuna aktif olarak kat\u0131lmaya ve yeni binalar in\u015fa ederek ve donatarak, otel tesisleri kanal\u0131yla turizme yat\u0131r\u0131m yapmaya haz\u0131r oldu\u011funu belirtti.<\/p>\n<p style=\"text-align: justify;\">\u0130ki taraf, iki \u00fclke aras\u0131ndaki ticari, ekonomik ve turizm i\u015fbirli\u011finin y\u00f6nlerini derinle\u015ftirmek i\u00e7in kar\u015f\u0131l\u0131kl\u0131 ziyaretler yapmay\u0131 kabul etti.<\/p>\n<p style=\"text-align: justify;\">Toplant\u0131ya Suriye&#8217;nin BAE b\u00fcy\u00fckel\u00e7isi Dr. Gassan Abbas, \u0130ran&#8217;\u0131n BAE b\u00fcy\u00fckel\u00e7isi Mohammad Seyyid H\u00fczeyni ve baz\u0131 ba\u015fka yetkililer kat\u0131ld\u0131.<\/p>\n<p style=\"text-align: justify;\">Bu kapsamda, fuarda Cezayir pavyonunu ziyaret eden Bakan Al-Halil, B\u00fcy\u00fckel\u00e7i Abbas ve di\u011fer Suriyeli yetkililer, pavyonda Cezayir taraf\u0131n\u0131n temsilcileriyle, Cezayir&#8217;in Birle\u015fik Arap Emirlikleri b\u00fcy\u00fckel\u00e7isi huzurunda, iki karde\u015f \u00fclke ve aralar\u0131ndaki ortak i\u015fbirli\u011fi alanlar\u0131 aras\u0131nda karde\u015flik ili\u015fkilerini g\u00f6r\u00fc\u015ft\u00fcler.<\/p>\n","protected":false},"excerpt":{"rendered":"<p>DUBA\u0130 &#8211; Ekonomi ve D\u0131\u015f Ticaret Bakan\u0131 Dr. Muhammed Samir Al Halil, \u0130ran Turizm Bakan Yard\u0131mc\u0131s\u0131 Ali Asgar \u015ealavian ile \u201cDubai Expo 2020\u201ddeki Suriye pavyonunda ekonomik alanda s\u00fcrekli i\u015fbirli\u011fi ve koordinasyonun \u00f6nemini ve iki \u00fclke aras\u0131ndaki yat\u0131r\u0131m alanlar\u0131 konular\u0131n\u0131 g\u00f6r\u00fc\u015ft\u00fc. Fuar\u0131n oturum aralar\u0131nda ger\u00e7ekle\u015fen toplant\u0131da \u015ealbavian, \u0130ran&#8217;\u0131n Suriye&#8217;de ter\u00f6rizm taraf\u0131ndan sabote edilen arkeolojik ve turistik &hellip;<\/p>\n","protected":false},"author":1,"featured_media":243993,"comment_status":"closed","ping_status":"closed","sticky":false,"template":"","format":"standard","meta":{"footnotes":""},"categories":[458,459,17988],"tags":[],"class_list":["post-243992","post","type-post","status-publish","format-standard","has-post-thumbnail","","category-dunya1","category-haberler-arap-uluslararasi-politika","category-son-haberler"],"_links":{"self":[{"href":"https:\/\/archive.sana.sy\/tr\/index.php?rest_route=\/wp\/v2\/posts\/243992","targetHints":{"allow":["GET"]}}],"collection":[{"href":"https:\/\/archive.sana.sy\/tr\/index.php?rest_route=\/wp\/v2\/posts"}],"about":[{"href":"https:\/\/archive.sana.sy\/tr\/index.php?rest_route=\/wp\/v2\/types\/post"}],"author":[{"embeddable":true,"href":"https:\/\/archive.sana.sy\/tr\/index.php?rest_route=\/wp\/v2\/users\/1"}],"replies":[{"embeddable":true,"href":"https:\/\/archive.sana.sy\/tr\/index.php?rest_route=%2Fwp%2Fv2%2Fcomments&post=243992"}],"version-history":[{"count":0,"href":"https:\/\/archive.sana.sy\/tr\/index.php?rest_route=\/wp\/v2\/posts\/243992\/revisions"}],"wp:featuredmedia":[{"embeddable":true,"href":"https:\/\/archive.sana.sy\/tr\/index.php?rest_route=\/wp\/v2\/media\/243993"}],"wp:attachment":[{"href":"https:\/\/archive.sana.sy\/tr\/index.php?rest_route=%2Fwp%2Fv2%2Fmedia&parent=243992"}],"wp:term":[{"taxonomy":"category","embeddable":true,"href":"https:\/\/archive.sana.sy\/tr\/index.php?rest_route=%2Fwp%2Fv2%2Fcategories&post=243992"},{"taxonomy":"post_tag","embeddable":true,"href":"https:\/\/archive.sana.sy\/tr\/index.php?rest_route=%2Fwp%2Fv2%2Ftags&post=243992"}],"curies":[{"name":"wp","href":"https:\/\/api.w.org\/{rel}","templated":true}]}}