{"id":24403,"date":"2015-02-21T10:55:26","date_gmt":"2015-02-21T08:55:26","guid":{"rendered":"http:\/\/www.sana.sy\/tr\/?p=24403"},"modified":"2015-02-22T12:55:04","modified_gmt":"2015-02-22T10:55:04","slug":"caferi-sozde-bagimsiz-sorusturma-komitesi-teror-destekleyicilerine-hizmet-eden-politik-amacli-kurulmustur","status":"publish","type":"post","link":"https:\/\/archive.sana.sy\/tr\/?p=24403","title":{"rendered":"Caferi: S\u00f6zde \u201cBa\u011f\u0131ms\u0131z Soru\u015fturma Komitesi\u201d Ter\u00f6r Destekleyicilerine Hizmet Eden Politik Ama\u00e7l\u0131 Kurulmu\u015ftur"},"content":{"rendered":"<p>NEW YORK \u2013 Suriye\u2019nin Birle\u015fmi\u015f Milletler Daimi Temsilcisi Be\u015f\u015far Caferi, Suriye h\u00fck\u00fcmetinin insan haklar\u0131 konseyi karar\u0131yla in\u015fa edilen s\u00f6zde \u201cba\u011f\u0131ms\u0131z soru\u015fturma komitesinin\u201d \u00e7al\u0131\u015fmalar\u0131yla ilgili her zaman \u00e7ekimse kald\u0131\u011f\u0131n\u0131 dile getirdi\u011fi belirtti.<\/p>\n<p>Caferi, s\u00f6z konusu komitenin devlet ve halk olarak Suriye\u2019de ter\u00f6r\u00fc destekleyenlere hizmet eden gizli ajandalarla siyasi ama\u00e7l\u0131 kuruldu\u011funu s\u00f6yledi.<\/p>\n<p>G\u00fcvenlik Konseyinin s\u00f6zde \u201cSuriye\u2019de i\u015flenen insan haklar\u0131 ihlalleri konusunda ba\u011f\u0131ms\u0131z soru\u015fturma komitesi\u201d \u00fcyeleriyle d\u00fczenledi\u011fi resmi olmayan toplant\u0131lar\u0131 ard\u0131ndan yay\u0131nlad\u0131\u011f\u0131 bas\u0131n beyan\u0131nda Caferi, s\u00f6z konusu gayri resmi toplant\u0131n\u0131n g\u00fcvenlik konseyi d\u0131\u015f\u0131nda d\u00fczenlendi\u011fini dolay\u0131s\u0131yla sadece konu\u015fanlar\u0131n g\u00f6r\u00fc\u015flerini dile getirdi\u011fini ifade etti.<\/p>\n<p>Caferi, \u201cba\u011f\u0131ms\u0131z soru\u015fturma komitesinin\u201d kesinlikle Suriye\u2019ye bir kez dahi olsun ziyarette bulunmad\u0131\u011f\u0131n\u0131 ancak ba\u015fta T\u00fcrkiye, \u00dcrd\u00fcn ve L\u00fcbnan kamplar\u0131nda bulunanlar ba\u015fta olmak \u00fczere Suriye haricinde bulunan baz\u0131 \u015fah\u0131slar\u0131n tan\u0131kl\u0131klar\u0131na itimat ettiklerini, ayr\u0131ca Suriye h\u00fck\u00fcmetinin y\u0131llardan beri sundu\u011fu eldeki b\u00fct\u00fcn rapor ve bilgileri g\u00f6z ard\u0131 etti\u011fine ve bunun ne kadar tarafl\u0131 oldu\u011funun delili oldu\u011funa dikkat \u00e7ekti.<\/p>\n<p>Caferi, dolay\u0131s\u0131yla bu komitenin Suriye\u2019nin kendisini vuran ter\u00f6re kar\u015f\u0131 m\u00fccadeledeki yard\u0131mlar\u0131yla temsil olunan \u00e7\u00f6z\u00fcm\u00fcn de\u011fil krizin bir b\u00f6l\u00fcm\u00fc oldu\u011funu dile getirdi.<\/p>\n<p>Suriye h\u00fck\u00fcmetinin haz\u0131rlad\u0131\u011f\u0131 ve yabanc\u0131 ter\u00f6ristler hakk\u0131nda bilgi veren 500 sayfal\u0131k bir kitaba i\u015faret eden Caferi, bu kitap i\u00e7erisinde sadece 2013 y\u0131l\u0131n\u0131n Ekim ay\u0131nda \u00f6ld\u00fcr\u00fclen yabanc\u0131 ter\u00f6ristler hakk\u0131nda bilgiler i\u00e7erdi\u011fini, Suudi Arabistan, Katar, Birle\u015fik Arap Emirlikleri, Kuveyt, Libya, M\u0131s\u0131r, Avrupa, Asya ve Afrika \u00fclkeleri gibi \u00e7ok say\u0131da uyru\u011fa tabi olan ve Suriye h\u00fck\u00fcmetine kar\u015f\u0131 sava\u015fan s\u00f6z konusu ter\u00f6ristlerin adlar\u0131, foto\u011fraflar\u0131 ve uyruklar\u0131yla ilgili bilgiler ihtiva etti\u011fini s\u00f6yledi.<\/p>\n<p>S\u00f6z konusu ter\u00f6ristleri baz\u0131lar\u0131n\u0131n \u201cbar\u0131\u015f\u00e7\u0131l\u201d veya \u201c\u0131l\u0131ml\u0131 Suriye muhalefeti\u201d olarak adland\u0131rd\u0131klar\u0131na Amerikal\u0131lar\u0131n bunlar\u0131 \u201cdemokratik\u201d veya \u201c\u0131l\u0131ml\u0131 muhalefet\u201d olarak adland\u0131rd\u0131klar\u0131na dikkat \u00e7eken Caferi, aralar\u0131nda BM genel Sekreteri s\u00f6zc\u00fcs\u00fcn\u00fcn de bulundu\u011fu baz\u0131lar\u0131n\u0131n \u201cNusra Cephesi\u201d ve I\u015e\u0130D\u201d ter\u00f6r \u00f6rg\u00fctlerine tabi olan, Katar\u2019\u0131n deste\u011fi ile \u201cUNDOF\u201d kuvvetlerine ba\u011fl\u0131 BM askerlerini ka\u00e7\u0131ran ve \u0130srail hastanelerinde tedavi g\u00f6ren ter\u00f6ristleri \u201csilahl\u0131 Suriye muhalefeti\u201d olarak adland\u0131rd\u0131klar\u0131na vurgu yapt\u0131.<\/p>\n<p>Caferi, ortada bir hatan\u0131n bulundu\u011funa ve Suriye h\u00fck\u00fcmeti ile ter\u00f6r \u00f6rg\u00fctlerini bir tuttuklar\u0131n\u0131 belirtti.<\/p>\n<p>2170, 2178 ve 2199 say\u0131l\u0131 ter\u00f6rle m\u00fccadele konusunda g\u00fcvenlik konseyi 3 karar\u0131n ellerinde bulundu\u011funa dikkat \u00e7eken Caferi, b\u00f6lgede bu kararlar\u0131 uygulayan ve vecibesini yerine getiren tek \u00fclkenin Suriye oldu\u011funu vurgulad\u0131.<\/p>\n<p>S\u00f6zde \u201cba\u011f\u0131ms\u0131z komite\u201d \u00fcyelerinin haz\u0131rlad\u0131\u011f\u0131 \u201clisteler\u201d ile ilgili olarak Caferi, b\u00fct\u00fcn bu propagandan\u0131n hedefinin \u015feytani ve Suriye h\u00fck\u00fcmetinin portresini karalamak oldu\u011funu, bunu ge\u00e7mi\u015fte yapt\u0131klar\u0131na gelecekte de yapacaklar\u0131na dikkat \u00e7ekti.<\/p>\n<p>Caferi, \u0130nsan haklar\u0131 komiserinin \u00dcrd\u00fcnl\u00fc, uygarl\u0131klar koalisyonu birli\u011fi ba\u015fkan\u0131n\u0131n Katarl\u0131, BM ter\u00f6rle m\u00fccadele merkezinin Suudi Arabistan taraf\u0131ndan finansl\u0131, T\u00fcrkiye\u2019nin de BM\u2019nin birinci insanl\u0131k zirvesine ev sahipli\u011fini yapt\u0131\u011f\u0131 zaman s\u00f6z konusu propagandan\u0131n ne t\u00fcr bir g\u00fcvenirlili\u011finin olaca\u011f\u0131 sorusunu dile getirdi.<\/p>\n<p>Kamplarda ya\u015fayan g\u00f6\u00e7 ettirilenlere tahsis edilen paralarla ilgiliyse Caferi, resmi olmayan s\u00f6zde hay\u0131r kurulu\u015flar\u0131 ve istihbarat birimleri taraf\u0131ndan K\u00f6rfez \u00fclkelerinde toplan\u0131lan milyarca dolarlar\u0131n kamplara ve keza Suriye h\u00fck\u00fcmetine kar\u015f\u0131 ter\u00f6ristleri desteklemek ve finanse etmek i\u00e7in Suriye dahiline g\u00f6nderildi\u011fini s\u00f6yledi.<\/p>\n<p>Caferi, Suriye h\u00fck\u00fcmetinin s\u00f6z konusu kamplarda bulunan vatanda\u015flar\u0131na her zaman \u00fclkelerine d\u00f6nme ve kendilerine gereken b\u00fct\u00fcn yard\u0131mlar\u0131 sunmaya haz\u0131r oldu\u011funu defalarca ilan etti\u011fini ifade etti.<\/p>\n<p>Ge\u00e7en bir ka\u00e7 g\u00fcn i\u00e7erisinde Washington\u2019da d\u00fczenlenen ter\u00f6rle ilgili \u00f6zel konferans hakk\u0131nda Caferi, BM \u00e7er\u00e7evesi d\u0131\u015f\u0131nda d\u00fczenlenen konferansa kat\u0131lmad\u0131klar\u0131n\u0131, ne uluslararas\u0131 ne de bir d\u00fcnya konferans\u0131 oldu\u011funu, baz\u0131 \u00fcye \u00fclkeleri bir araya toplayan bir konferans oldu\u011funu a\u00e7\u0131klad\u0131.<\/p>\n<p>Caferi, Amerikan y\u00f6netiminin aralar\u0131nda Suriye ve Irak ba\u015fta olmak \u00fczere di\u011fer baz\u0131 \u00fclkelerin bulundu\u011fu ter\u00f6r fenomeni ile do\u011frudan ilgili olan h\u00fck\u00fcmetleri s\u00f6z konusu konferansa kat\u0131lma \u00e7a\u011fr\u0131s\u0131 yapmad\u0131\u011f\u0131na i\u015faret etti.<\/p>\n<p>Caferi ayr\u0131ca, Libya\u2019dan Suriye\u2019ye giren silahlar\u0131n \u00e7o\u011funun L\u00fcbnan, T\u00fcrkiye ve \u00dcrd\u00fcn kanal\u0131yla geldi\u011fine i\u015faret ederek, ter\u00f6rle m\u00fccadele ile ilgili BM komitesinin bir raporunda bunu belirtti\u011fine dikkat \u00e7ekti.<\/p>\n<p>Caferi, \u015fu anda baz\u0131lar\u0131n\u0131n Libya\u2019n\u0131n bir kaos ya\u015fad\u0131\u011f\u0131n\u0131 ve bunu engellemek gerekti\u011fini s\u00f6ylediklerine tan\u0131k olduklar\u0131n\u0131 belirterek, Suriye\u2019de Suriyelileri \u00f6ld\u00fcrmek i\u00e7in Libya\u2019dan silahlar\u0131n ta\u015f\u0131nmas\u0131yla ilgili daha \u00f6nce s\u00f6ylediklerinin cevheri oldu\u011funu vurgulad\u0131.<\/p>\n<p>S.\u015e<\/p>\n","protected":false},"excerpt":{"rendered":"<p>NEW YORK \u2013 Suriye\u2019nin Birle\u015fmi\u015f Milletler Daimi Temsilcisi Be\u015f\u015far Caferi, Suriye h\u00fck\u00fcmetinin insan haklar\u0131 konseyi karar\u0131yla in\u015fa edilen s\u00f6zde \u201cba\u011f\u0131ms\u0131z soru\u015fturma komitesinin\u201d \u00e7al\u0131\u015fmalar\u0131yla ilgili her zaman \u00e7ekimse kald\u0131\u011f\u0131n\u0131 dile getirdi\u011fi belirtti. Caferi, s\u00f6z konusu komitenin devlet ve halk olarak Suriye\u2019de ter\u00f6r\u00fc destekleyenlere hizmet eden gizli ajandalarla siyasi ama\u00e7l\u0131 kuruldu\u011funu s\u00f6yledi. G\u00fcvenlik Konseyinin s\u00f6zde \u201cSuriye\u2019de i\u015flenen &hellip;<\/p>\n","protected":false},"author":1,"featured_media":24404,"comment_status":"closed","ping_status":"closed","sticky":false,"template":"","format":"standard","meta":{"footnotes":""},"categories":[458,459,447,2554,2555],"tags":[11669],"class_list":["post-24403","post","type-post","status-publish","format-standard","has-post-thumbnail","","category-dunya1","category-haberler-arap-uluslararasi-politika","category-politika","category-suriye-ve-dunya","category-suriye-ve-turkiye","tag-caferi-sozde-bagimsiz-sorusturma-komitesi-teror-destekleyicilerine-hizmet-eden-politik-amacli-kurulmustur"],"_links":{"self":[{"href":"https:\/\/archive.sana.sy\/tr\/index.php?rest_route=\/wp\/v2\/posts\/24403","targetHints":{"allow":["GET"]}}],"collection":[{"href":"https:\/\/archive.sana.sy\/tr\/index.php?rest_route=\/wp\/v2\/posts"}],"about":[{"href":"https:\/\/archive.sana.sy\/tr\/index.php?rest_route=\/wp\/v2\/types\/post"}],"author":[{"embeddable":true,"href":"https:\/\/archive.sana.sy\/tr\/index.php?rest_route=\/wp\/v2\/users\/1"}],"replies":[{"embeddable":true,"href":"https:\/\/archive.sana.sy\/tr\/index.php?rest_route=%2Fwp%2Fv2%2Fcomments&post=24403"}],"version-history":[{"count":0,"href":"https:\/\/archive.sana.sy\/tr\/index.php?rest_route=\/wp\/v2\/posts\/24403\/revisions"}],"wp:featuredmedia":[{"embeddable":true,"href":"https:\/\/archive.sana.sy\/tr\/index.php?rest_route=\/wp\/v2\/media\/24404"}],"wp:attachment":[{"href":"https:\/\/archive.sana.sy\/tr\/index.php?rest_route=%2Fwp%2Fv2%2Fmedia&parent=24403"}],"wp:term":[{"taxonomy":"category","embeddable":true,"href":"https:\/\/archive.sana.sy\/tr\/index.php?rest_route=%2Fwp%2Fv2%2Fcategories&post=24403"},{"taxonomy":"post_tag","embeddable":true,"href":"https:\/\/archive.sana.sy\/tr\/index.php?rest_route=%2Fwp%2Fv2%2Ftags&post=24403"}],"curies":[{"name":"wp","href":"https:\/\/api.w.org\/{rel}","templated":true}]}}