{"id":244057,"date":"2021-10-03T13:19:39","date_gmt":"2021-10-03T10:19:39","guid":{"rendered":"http:\/\/107.6.182.27\/tr\/?p=244057"},"modified":"2021-10-05T08:12:35","modified_gmt":"2021-10-05T05:12:35","slug":"amerikan-isgal-gucleri-haseke-kirsalina-bir-konvoy-gecirdi","status":"publish","type":"post","link":"https:\/\/archive.sana.sy\/tr\/?p=244057","title":{"rendered":"Amerikan \u0130\u015fgal G\u00fc\u00e7leri, Haseke K\u0131rsal\u0131na Bir Konvoy Ge\u00e7irdi"},"content":{"rendered":"<p>HASEKE \u2013 Amerikan i\u015fgal g\u00fc\u00e7leri, Suriye topraklar\u0131ndaki askeri \u00fcslerini desteklemek i\u00e7in Irak topraklar\u0131ndan yasad\u0131\u015f\u0131 El Velid ge\u00e7idinden gelen ekipman ve lojistik te\u00e7hizat y\u00fckl\u00fc yeni bir konvoy ge\u00e7irdi.<\/p>\n<p>yerel kaynaklar SANA muhabirine yapt\u0131\u011f\u0131 a\u00e7\u0131klamada, y\u00fckl\u00fc ve paketlenmi\u015f kamyonlar, petrol depolar\u0131 ve termokingleri de dahil olmak \u00fczere 32 ara\u00e7tan olu\u015fan bir konvoyun Irak topraklar\u0131ndan yasad\u0131\u015f\u0131 El Velid ge\u00e7idinden Suriye topraklar\u0131na girdi\u011fini belirtti.<\/p>\n<p>Kaynaklar, s\u00f6z konusu konvoyun, Amerikan i\u015fgal g\u00fc\u00e7lerinin \u00fcss\u00fc bulundu\u011fu Yarubiyah k\u0131rsal\u0131ndaki Hrab El Cir havaalan\u0131na gitti\u011fine i\u015faret etti.<\/p>\n","protected":false},"excerpt":{"rendered":"<p>HASEKE \u2013 Amerikan i\u015fgal g\u00fc\u00e7leri, Suriye topraklar\u0131ndaki askeri \u00fcslerini desteklemek i\u00e7in Irak topraklar\u0131ndan yasad\u0131\u015f\u0131 El Velid ge\u00e7idinden gelen ekipman ve lojistik te\u00e7hizat y\u00fckl\u00fc yeni bir konvoy ge\u00e7irdi. yerel kaynaklar SANA muhabirine yapt\u0131\u011f\u0131 a\u00e7\u0131klamada, y\u00fckl\u00fc ve paketlenmi\u015f kamyonlar, petrol depolar\u0131 ve termokingleri de dahil olmak \u00fczere 32 ara\u00e7tan olu\u015fan bir konvoyun Irak topraklar\u0131ndan yasad\u0131\u015f\u0131 El Velid &hellip;<\/p>\n","protected":false},"author":36,"featured_media":244058,"comment_status":"closed","ping_status":"closed","sticky":false,"template":"","format":"standard","meta":{"footnotes":""},"categories":[479,575,17988,478],"tags":[],"class_list":["post-244057","post","type-post","status-publish","format-standard","has-post-thumbnail","","category-haberler-yerel","category-olaylar-ve-gercekler","category-son-haberler","category-yerel"],"_links":{"self":[{"href":"https:\/\/archive.sana.sy\/tr\/index.php?rest_route=\/wp\/v2\/posts\/244057","targetHints":{"allow":["GET"]}}],"collection":[{"href":"https:\/\/archive.sana.sy\/tr\/index.php?rest_route=\/wp\/v2\/posts"}],"about":[{"href":"https:\/\/archive.sana.sy\/tr\/index.php?rest_route=\/wp\/v2\/types\/post"}],"author":[{"embeddable":true,"href":"https:\/\/archive.sana.sy\/tr\/index.php?rest_route=\/wp\/v2\/users\/36"}],"replies":[{"embeddable":true,"href":"https:\/\/archive.sana.sy\/tr\/index.php?rest_route=%2Fwp%2Fv2%2Fcomments&post=244057"}],"version-history":[{"count":0,"href":"https:\/\/archive.sana.sy\/tr\/index.php?rest_route=\/wp\/v2\/posts\/244057\/revisions"}],"wp:featuredmedia":[{"embeddable":true,"href":"https:\/\/archive.sana.sy\/tr\/index.php?rest_route=\/wp\/v2\/media\/244058"}],"wp:attachment":[{"href":"https:\/\/archive.sana.sy\/tr\/index.php?rest_route=%2Fwp%2Fv2%2Fmedia&parent=244057"}],"wp:term":[{"taxonomy":"category","embeddable":true,"href":"https:\/\/archive.sana.sy\/tr\/index.php?rest_route=%2Fwp%2Fv2%2Fcategories&post=244057"},{"taxonomy":"post_tag","embeddable":true,"href":"https:\/\/archive.sana.sy\/tr\/index.php?rest_route=%2Fwp%2Fv2%2Ftags&post=244057"}],"curies":[{"name":"wp","href":"https:\/\/api.w.org\/{rel}","templated":true}]}}