{"id":244060,"date":"2021-10-03T13:26:39","date_gmt":"2021-10-03T10:26:39","guid":{"rendered":"http:\/\/107.6.182.27\/tr\/?p=244060"},"modified":"2022-10-16T10:17:10","modified_gmt":"2022-10-16T07:17:10","slug":"sana-kamerasi-neva-kenti-ve-cevresini-arama-tarama-operasyonunda-ordu-birliklerine-eslik-ediyor","status":"publish","type":"post","link":"https:\/\/archive.sana.sy\/tr\/?p=244060","title":{"rendered":"SANA kameras\u0131, Neva Kenti ve \u00c7evresini Arama Tarama Operasyonunda Ordu Birliklerine E\u015flik Ediyor"},"content":{"rendered":"<p>DERA \u2013 Suriye Arap Ordusu birlikleri, devletin \u00f6nerdi\u011fi anla\u015fma \u00e7er\u00e7evesinde onlarca militan\u0131n durumunun d\u00fczeltilmesinden saatler sonra, Dera K\u0131rsal\u0131n\u0131n kuzeyinde yer alan Neva kenti ve \u00e7evresini taramaya ba\u015flad\u0131.<\/p>\n<div id='gallery-1' class='gallery galleryid-244060 gallery-columns-1 gallery-size-full'><figure class='gallery-item'>\n\t\t\t<div class='gallery-icon landscape'>\n\t\t\t\t<a href='https:\/\/archive.sana.sy\/tr\/wp-content\/uploads\/2021\/10\/photo_2021-10-03_10-58-15-scaled-1.jpg'><img loading=\"lazy\" decoding=\"async\" width=\"2560\" height=\"1764\" src=\"https:\/\/archive.sana.sy\/tr\/wp-content\/uploads\/2021\/10\/photo_2021-10-03_10-58-15-scaled-1.jpg\" class=\"attachment-full size-full\" alt=\"\" srcset=\"https:\/\/archive.sana.sy\/tr\/wp-content\/uploads\/2021\/10\/photo_2021-10-03_10-58-15-scaled-1.jpg 2560w, https:\/\/archive.sana.sy\/tr\/wp-content\/uploads\/2021\/10\/photo_2021-10-03_10-58-15-scaled-1-300x207.jpg 300w, https:\/\/archive.sana.sy\/tr\/wp-content\/uploads\/2021\/10\/photo_2021-10-03_10-58-15-scaled-1-1024x706.jpg 1024w, https:\/\/archive.sana.sy\/tr\/wp-content\/uploads\/2021\/10\/photo_2021-10-03_10-58-15-scaled-1-150x103.jpg 150w, https:\/\/archive.sana.sy\/tr\/wp-content\/uploads\/2021\/10\/photo_2021-10-03_10-58-15-scaled-1-768x529.jpg 768w, https:\/\/archive.sana.sy\/tr\/wp-content\/uploads\/2021\/10\/photo_2021-10-03_10-58-15-scaled-1-1536x1058.jpg 1536w, https:\/\/archive.sana.sy\/tr\/wp-content\/uploads\/2021\/10\/photo_2021-10-03_10-58-15-scaled-1-2048x1411.jpg 2048w, https:\/\/archive.sana.sy\/tr\/wp-content\/uploads\/2021\/10\/photo_2021-10-03_10-58-15-scaled-1-110x75.jpg 110w\" sizes=\"auto, (max-width: 2560px) 100vw, 2560px\" \/><\/a>\n\t\t\t<\/div><\/figure><figure class='gallery-item'>\n\t\t\t<div class='gallery-icon landscape'>\n\t\t\t\t<a href='https:\/\/archive.sana.sy\/tr\/wp-content\/uploads\/2021\/10\/photo_2021-10-03_10-58-18-scaled-1.jpg'><img loading=\"lazy\" decoding=\"async\" width=\"2560\" height=\"1691\" src=\"https:\/\/archive.sana.sy\/tr\/wp-content\/uploads\/2021\/10\/photo_2021-10-03_10-58-18-scaled-1.jpg\" class=\"attachment-full size-full\" alt=\"\" srcset=\"https:\/\/archive.sana.sy\/tr\/wp-content\/uploads\/2021\/10\/photo_2021-10-03_10-58-18-scaled-1.jpg 2560w, https:\/\/archive.sana.sy\/tr\/wp-content\/uploads\/2021\/10\/photo_2021-10-03_10-58-18-scaled-1-300x198.jpg 300w, https:\/\/archive.sana.sy\/tr\/wp-content\/uploads\/2021\/10\/photo_2021-10-03_10-58-18-scaled-1-1024x676.jpg 1024w, https:\/\/archive.sana.sy\/tr\/wp-content\/uploads\/2021\/10\/photo_2021-10-03_10-58-18-scaled-1-150x99.jpg 150w, https:\/\/archive.sana.sy\/tr\/wp-content\/uploads\/2021\/10\/photo_2021-10-03_10-58-18-scaled-1-768x507.jpg 768w, https:\/\/archive.sana.sy\/tr\/wp-content\/uploads\/2021\/10\/photo_2021-10-03_10-58-18-scaled-1-1536x1015.jpg 1536w, https:\/\/archive.sana.sy\/tr\/wp-content\/uploads\/2021\/10\/photo_2021-10-03_10-58-18-scaled-1-2048x1353.jpg 2048w, https:\/\/archive.sana.sy\/tr\/wp-content\/uploads\/2021\/10\/photo_2021-10-03_10-58-18-scaled-1-310x205.jpg 310w\" sizes=\"auto, (max-width: 2560px) 100vw, 2560px\" \/><\/a>\n\t\t\t<\/div><\/figure><figure class='gallery-item'>\n\t\t\t<div class='gallery-icon landscape'>\n\t\t\t\t<a href='https:\/\/archive.sana.sy\/tr\/wp-content\/uploads\/2021\/10\/photo_2021-10-03_10-58-22-scaled-1.jpg'><img loading=\"lazy\" decoding=\"async\" width=\"2560\" height=\"1793\" src=\"https:\/\/archive.sana.sy\/tr\/wp-content\/uploads\/2021\/10\/photo_2021-10-03_10-58-22-scaled-1.jpg\" class=\"attachment-full size-full\" alt=\"\" srcset=\"https:\/\/archive.sana.sy\/tr\/wp-content\/uploads\/2021\/10\/photo_2021-10-03_10-58-22-scaled-1.jpg 2560w, https:\/\/archive.sana.sy\/tr\/wp-content\/uploads\/2021\/10\/photo_2021-10-03_10-58-22-scaled-1-300x210.jpg 300w, https:\/\/archive.sana.sy\/tr\/wp-content\/uploads\/2021\/10\/photo_2021-10-03_10-58-22-scaled-1-1024x717.jpg 1024w, https:\/\/archive.sana.sy\/tr\/wp-content\/uploads\/2021\/10\/photo_2021-10-03_10-58-22-scaled-1-150x105.jpg 150w, https:\/\/archive.sana.sy\/tr\/wp-content\/uploads\/2021\/10\/photo_2021-10-03_10-58-22-scaled-1-768x538.jpg 768w, https:\/\/archive.sana.sy\/tr\/wp-content\/uploads\/2021\/10\/photo_2021-10-03_10-58-22-scaled-1-1536x1076.jpg 1536w, https:\/\/archive.sana.sy\/tr\/wp-content\/uploads\/2021\/10\/photo_2021-10-03_10-58-22-scaled-1-2048x1434.jpg 2048w\" sizes=\"auto, (max-width: 2560px) 100vw, 2560px\" \/><\/a>\n\t\t\t<\/div><\/figure><figure class='gallery-item'>\n\t\t\t<div class='gallery-icon landscape'>\n\t\t\t\t<a href='https:\/\/archive.sana.sy\/tr\/wp-content\/uploads\/2021\/10\/photo_2021-10-03_11-00-24-scaled-1.jpg'><img loading=\"lazy\" decoding=\"async\" width=\"2560\" height=\"1738\" src=\"https:\/\/archive.sana.sy\/tr\/wp-content\/uploads\/2021\/10\/photo_2021-10-03_11-00-24-scaled-1.jpg\" class=\"attachment-full size-full\" alt=\"\" srcset=\"https:\/\/archive.sana.sy\/tr\/wp-content\/uploads\/2021\/10\/photo_2021-10-03_11-00-24-scaled-1.jpg 2560w, https:\/\/archive.sana.sy\/tr\/wp-content\/uploads\/2021\/10\/photo_2021-10-03_11-00-24-scaled-1-300x204.jpg 300w, https:\/\/archive.sana.sy\/tr\/wp-content\/uploads\/2021\/10\/photo_2021-10-03_11-00-24-scaled-1-1024x695.jpg 1024w, https:\/\/archive.sana.sy\/tr\/wp-content\/uploads\/2021\/10\/photo_2021-10-03_11-00-24-scaled-1-150x102.jpg 150w, https:\/\/archive.sana.sy\/tr\/wp-content\/uploads\/2021\/10\/photo_2021-10-03_11-00-24-scaled-1-768x521.jpg 768w, https:\/\/archive.sana.sy\/tr\/wp-content\/uploads\/2021\/10\/photo_2021-10-03_11-00-24-scaled-1-1536x1043.jpg 1536w, https:\/\/archive.sana.sy\/tr\/wp-content\/uploads\/2021\/10\/photo_2021-10-03_11-00-24-scaled-1-2048x1390.jpg 2048w, https:\/\/archive.sana.sy\/tr\/wp-content\/uploads\/2021\/10\/photo_2021-10-03_11-00-24-scaled-1-110x75.jpg 110w\" sizes=\"auto, (max-width: 2560px) 100vw, 2560px\" \/><\/a>\n\t\t\t<\/div><\/figure><figure class='gallery-item'>\n\t\t\t<div class='gallery-icon landscape'>\n\t\t\t\t<a href='https:\/\/archive.sana.sy\/tr\/wp-content\/uploads\/2021\/10\/photo_2021-10-03_11-00-34-scaled-1.jpg'><img loading=\"lazy\" decoding=\"async\" width=\"2560\" height=\"1754\" src=\"https:\/\/archive.sana.sy\/tr\/wp-content\/uploads\/2021\/10\/photo_2021-10-03_11-00-34-scaled-1.jpg\" class=\"attachment-full size-full\" alt=\"\" srcset=\"https:\/\/archive.sana.sy\/tr\/wp-content\/uploads\/2021\/10\/photo_2021-10-03_11-00-34-scaled-1.jpg 2560w, https:\/\/archive.sana.sy\/tr\/wp-content\/uploads\/2021\/10\/photo_2021-10-03_11-00-34-scaled-1-300x206.jpg 300w, https:\/\/archive.sana.sy\/tr\/wp-content\/uploads\/2021\/10\/photo_2021-10-03_11-00-34-scaled-1-1024x702.jpg 1024w, https:\/\/archive.sana.sy\/tr\/wp-content\/uploads\/2021\/10\/photo_2021-10-03_11-00-34-scaled-1-150x103.jpg 150w, https:\/\/archive.sana.sy\/tr\/wp-content\/uploads\/2021\/10\/photo_2021-10-03_11-00-34-scaled-1-768x526.jpg 768w, https:\/\/archive.sana.sy\/tr\/wp-content\/uploads\/2021\/10\/photo_2021-10-03_11-00-34-scaled-1-1536x1052.jpg 1536w, https:\/\/archive.sana.sy\/tr\/wp-content\/uploads\/2021\/10\/photo_2021-10-03_11-00-34-scaled-1-2048x1403.jpg 2048w, https:\/\/archive.sana.sy\/tr\/wp-content\/uploads\/2021\/10\/photo_2021-10-03_11-00-34-scaled-1-110x75.jpg 110w\" sizes=\"auto, (max-width: 2560px) 100vw, 2560px\" \/><\/a>\n\t\t\t<\/div><\/figure>\n\t\t<\/div>\n\n","protected":false},"excerpt":{"rendered":"<p>DERA \u2013 Suriye Arap Ordusu birlikleri, devletin \u00f6nerdi\u011fi anla\u015fma \u00e7er\u00e7evesinde onlarca militan\u0131n durumunun d\u00fczeltilmesinden saatler sonra, Dera K\u0131rsal\u0131n\u0131n kuzeyinde yer alan Neva kenti ve \u00e7evresini taramaya ba\u015flad\u0131.<\/p>\n","protected":false},"author":36,"featured_media":244066,"comment_status":"closed","ping_status":"closed","sticky":false,"template":"","format":"standard","meta":{"footnotes":""},"categories":[596,479,6459,17988,478],"tags":[],"class_list":["post-244060","post","type-post","status-publish","format-standard","has-post-thumbnail","","category-fotografli-raporlar","category-haberler-yerel","category-sana-fotolarl","category-son-haberler","category-yerel"],"_links":{"self":[{"href":"https:\/\/archive.sana.sy\/tr\/index.php?rest_route=\/wp\/v2\/posts\/244060","targetHints":{"allow":["GET"]}}],"collection":[{"href":"https:\/\/archive.sana.sy\/tr\/index.php?rest_route=\/wp\/v2\/posts"}],"about":[{"href":"https:\/\/archive.sana.sy\/tr\/index.php?rest_route=\/wp\/v2\/types\/post"}],"author":[{"embeddable":true,"href":"https:\/\/archive.sana.sy\/tr\/index.php?rest_route=\/wp\/v2\/users\/36"}],"replies":[{"embeddable":true,"href":"https:\/\/archive.sana.sy\/tr\/index.php?rest_route=%2Fwp%2Fv2%2Fcomments&post=244060"}],"version-history":[{"count":0,"href":"https:\/\/archive.sana.sy\/tr\/index.php?rest_route=\/wp\/v2\/posts\/244060\/revisions"}],"wp:featuredmedia":[{"embeddable":true,"href":"https:\/\/archive.sana.sy\/tr\/index.php?rest_route=\/wp\/v2\/media\/244066"}],"wp:attachment":[{"href":"https:\/\/archive.sana.sy\/tr\/index.php?rest_route=%2Fwp%2Fv2%2Fmedia&parent=244060"}],"wp:term":[{"taxonomy":"category","embeddable":true,"href":"https:\/\/archive.sana.sy\/tr\/index.php?rest_route=%2Fwp%2Fv2%2Fcategories&post=244060"},{"taxonomy":"post_tag","embeddable":true,"href":"https:\/\/archive.sana.sy\/tr\/index.php?rest_route=%2Fwp%2Fv2%2Ftags&post=244060"}],"curies":[{"name":"wp","href":"https:\/\/api.w.org\/{rel}","templated":true}]}}