{"id":244134,"date":"2021-10-04T13:00:59","date_gmt":"2021-10-04T10:00:59","guid":{"rendered":"http:\/\/107.6.182.27\/tr\/?p=244134"},"modified":"2021-10-06T07:55:49","modified_gmt":"2021-10-06T04:55:49","slug":"tel-abyad-kentinde-turk-isgalinin-kiraliklarinin-kursunlariyla-3-sivil-yaralandi","status":"publish","type":"post","link":"https:\/\/archive.sana.sy\/tr\/?p=244134","title":{"rendered":"Tel Abyad kentinde, T\u00fcrk i\u015fgalinin Kiral\u0131klar\u0131n\u0131n Kur\u015funlar\u0131yla 3 Sivil Yaraland\u0131"},"content":{"rendered":"<p>RAKKA \u2013 Rakka k\u0131rsal\u0131n\u0131n kuzeyinde yer alan i\u015fgal alt\u0131ndaki Tel Abyad kentinde T\u00fcrk i\u015fgaline ba\u011fl\u0131 kiral\u0131klar\u0131n kendilerine ate\u015f a\u00e7mas\u0131 sonucunda 3 sivil yaraland\u0131.<\/p>\n<p>Yerel kaynaklar SANA&#8217;ya, T\u00fcrk i\u015fgal g\u00fc\u00e7lerinin kiral\u0131klar\u0131n\u0131n, Rakka k\u0131rsal\u0131n\u0131n kuzeyinde yer alan i\u015fgal alt\u0131ndaki Tel Abyad kentindeki bir f\u0131r\u0131n\u0131n yak\u0131n\u0131nda bir sivil toplulu\u011fa ate\u015f a\u00e7arak \u00fc\u00e7 sivilin yaralanmas\u0131na yol a\u00e7t\u0131\u011f\u0131n\u0131 belirtti.<\/p>\n","protected":false},"excerpt":{"rendered":"<p>RAKKA \u2013 Rakka k\u0131rsal\u0131n\u0131n kuzeyinde yer alan i\u015fgal alt\u0131ndaki Tel Abyad kentinde T\u00fcrk i\u015fgaline ba\u011fl\u0131 kiral\u0131klar\u0131n kendilerine ate\u015f a\u00e7mas\u0131 sonucunda 3 sivil yaraland\u0131. Yerel kaynaklar SANA&#8217;ya, T\u00fcrk i\u015fgal g\u00fc\u00e7lerinin kiral\u0131klar\u0131n\u0131n, Rakka k\u0131rsal\u0131n\u0131n kuzeyinde yer alan i\u015fgal alt\u0131ndaki Tel Abyad kentindeki bir f\u0131r\u0131n\u0131n yak\u0131n\u0131nda bir sivil toplulu\u011fa ate\u015f a\u00e7arak \u00fc\u00e7 sivilin yaralanmas\u0131na yol a\u00e7t\u0131\u011f\u0131n\u0131 belirtti.<\/p>\n","protected":false},"author":36,"featured_media":244136,"comment_status":"closed","ping_status":"closed","sticky":false,"template":"","format":"standard","meta":{"footnotes":""},"categories":[479,575,17988,2554,2555,478],"tags":[],"class_list":["post-244134","post","type-post","status-publish","format-standard","has-post-thumbnail","","category-haberler-yerel","category-olaylar-ve-gercekler","category-son-haberler","category-suriye-ve-dunya","category-suriye-ve-turkiye","category-yerel"],"_links":{"self":[{"href":"https:\/\/archive.sana.sy\/tr\/index.php?rest_route=\/wp\/v2\/posts\/244134","targetHints":{"allow":["GET"]}}],"collection":[{"href":"https:\/\/archive.sana.sy\/tr\/index.php?rest_route=\/wp\/v2\/posts"}],"about":[{"href":"https:\/\/archive.sana.sy\/tr\/index.php?rest_route=\/wp\/v2\/types\/post"}],"author":[{"embeddable":true,"href":"https:\/\/archive.sana.sy\/tr\/index.php?rest_route=\/wp\/v2\/users\/36"}],"replies":[{"embeddable":true,"href":"https:\/\/archive.sana.sy\/tr\/index.php?rest_route=%2Fwp%2Fv2%2Fcomments&post=244134"}],"version-history":[{"count":0,"href":"https:\/\/archive.sana.sy\/tr\/index.php?rest_route=\/wp\/v2\/posts\/244134\/revisions"}],"wp:featuredmedia":[{"embeddable":true,"href":"https:\/\/archive.sana.sy\/tr\/index.php?rest_route=\/wp\/v2\/media\/244136"}],"wp:attachment":[{"href":"https:\/\/archive.sana.sy\/tr\/index.php?rest_route=%2Fwp%2Fv2%2Fmedia&parent=244134"}],"wp:term":[{"taxonomy":"category","embeddable":true,"href":"https:\/\/archive.sana.sy\/tr\/index.php?rest_route=%2Fwp%2Fv2%2Fcategories&post=244134"},{"taxonomy":"post_tag","embeddable":true,"href":"https:\/\/archive.sana.sy\/tr\/index.php?rest_route=%2Fwp%2Fv2%2Ftags&post=244134"}],"curies":[{"name":"wp","href":"https:\/\/api.w.org\/{rel}","templated":true}]}}