{"id":244166,"date":"2021-10-05T13:46:26","date_gmt":"2021-10-05T10:46:26","guid":{"rendered":"http:\/\/107.6.182.27\/tr\/?p=244166"},"modified":"2021-10-07T07:56:07","modified_gmt":"2021-10-07T04:56:07","slug":"haseke-kirsalinda-bir-mayin-patladi-dsg-milislerinden-bir-silahli-olduruldu","status":"publish","type":"post","link":"https:\/\/archive.sana.sy\/tr\/?p=244166","title":{"rendered":"Haseke K\u0131rsal\u0131nda Bir May\u0131n Patlad\u0131, DSG Milislerinden Bir Silahl\u0131 \u00d6ld\u00fcr\u00fcld\u00fc"},"content":{"rendered":"<p>HASEKE \u2013 Haseke k\u0131rsal\u0131nda yer alan El \u015eeddadi kentinin \u00e7evresinde bir may\u0131n\u0131n patlamas\u0131 sonucunda Amerikan i\u015fgal g\u00fc\u00e7lei taraf\u0131ndan desteklenen \u201cDSG\u201d milislerinden bir silahl\u0131 \u00f6ld\u00fcr\u00fcld\u00fc.<\/p>\n<p>Yerel kaynaklar SANA&#8217;ya, Haseke k\u0131rsal\u0131n\u0131n g\u00fcneyinde yer alan El \u015eeddadi kenti yak\u0131nlar\u0131nda pop\u00fcler gruplar\u0131n yerle\u015ftirdi\u011fi bir may\u0131n\u0131n patlamas\u0131 sonucunda DSG milislerinden bir silahl\u0131n\u0131n \u00f6ld\u00fcr\u00fcld\u00fc\u011f\u00fcn\u00fc belirtti.<\/p>\n","protected":false},"excerpt":{"rendered":"<p>HASEKE \u2013 Haseke k\u0131rsal\u0131nda yer alan El \u015eeddadi kentinin \u00e7evresinde bir may\u0131n\u0131n patlamas\u0131 sonucunda Amerikan i\u015fgal g\u00fc\u00e7lei taraf\u0131ndan desteklenen \u201cDSG\u201d milislerinden bir silahl\u0131 \u00f6ld\u00fcr\u00fcld\u00fc. Yerel kaynaklar SANA&#8217;ya, Haseke k\u0131rsal\u0131n\u0131n g\u00fcneyinde yer alan El \u015eeddadi kenti yak\u0131nlar\u0131nda pop\u00fcler gruplar\u0131n yerle\u015ftirdi\u011fi bir may\u0131n\u0131n patlamas\u0131 sonucunda DSG milislerinden bir silahl\u0131n\u0131n \u00f6ld\u00fcr\u00fcld\u00fc\u011f\u00fcn\u00fc belirtti.<\/p>\n","protected":false},"author":36,"featured_media":244167,"comment_status":"closed","ping_status":"closed","sticky":false,"template":"","format":"standard","meta":{"footnotes":""},"categories":[479,575,17988,478],"tags":[],"class_list":["post-244166","post","type-post","status-publish","format-standard","has-post-thumbnail","","category-haberler-yerel","category-olaylar-ve-gercekler","category-son-haberler","category-yerel"],"_links":{"self":[{"href":"https:\/\/archive.sana.sy\/tr\/index.php?rest_route=\/wp\/v2\/posts\/244166","targetHints":{"allow":["GET"]}}],"collection":[{"href":"https:\/\/archive.sana.sy\/tr\/index.php?rest_route=\/wp\/v2\/posts"}],"about":[{"href":"https:\/\/archive.sana.sy\/tr\/index.php?rest_route=\/wp\/v2\/types\/post"}],"author":[{"embeddable":true,"href":"https:\/\/archive.sana.sy\/tr\/index.php?rest_route=\/wp\/v2\/users\/36"}],"replies":[{"embeddable":true,"href":"https:\/\/archive.sana.sy\/tr\/index.php?rest_route=%2Fwp%2Fv2%2Fcomments&post=244166"}],"version-history":[{"count":0,"href":"https:\/\/archive.sana.sy\/tr\/index.php?rest_route=\/wp\/v2\/posts\/244166\/revisions"}],"wp:featuredmedia":[{"embeddable":true,"href":"https:\/\/archive.sana.sy\/tr\/index.php?rest_route=\/wp\/v2\/media\/244167"}],"wp:attachment":[{"href":"https:\/\/archive.sana.sy\/tr\/index.php?rest_route=%2Fwp%2Fv2%2Fmedia&parent=244166"}],"wp:term":[{"taxonomy":"category","embeddable":true,"href":"https:\/\/archive.sana.sy\/tr\/index.php?rest_route=%2Fwp%2Fv2%2Fcategories&post=244166"},{"taxonomy":"post_tag","embeddable":true,"href":"https:\/\/archive.sana.sy\/tr\/index.php?rest_route=%2Fwp%2Fv2%2Ftags&post=244166"}],"curies":[{"name":"wp","href":"https:\/\/api.w.org\/{rel}","templated":true}]}}