{"id":24419,"date":"2015-02-21T12:53:48","date_gmt":"2015-02-21T10:53:48","guid":{"rendered":"http:\/\/www.sana.sy\/tr\/?p=24419"},"modified":"2015-02-21T12:53:48","modified_gmt":"2015-02-21T10:53:48","slug":"batili-devletler-tutumlarini-gozden-gecirip-duzeltmeliler","status":"publish","type":"post","link":"https:\/\/archive.sana.sy\/tr\/?p=24419","title":{"rendered":"Bat\u0131l\u0131 Devletler Tutumlar\u0131n\u0131 G\u00f6zden Ge\u00e7irip D\u00fczeltmeliler"},"content":{"rendered":"<p>TAHRAN \u2013 \u0130ran D\u0131\u015fi\u015fleri Bakan\u0131 Muhammed Cevat Zarif; Bat\u0131l\u0131lar\u0131n, ba\u015fkalar\u0131n\u0131 katletmek i\u00e7in I\u015e\u0130D\u2019 ter\u00f6r \u00f6rg\u00fct\u00fcn\u00fc te\u015fkil etti\u011fini, ard\u0131ndan da bu \u00f6rg\u00fct\u00fcn kurban\u0131 oldu\u011funu belirtti.<\/p>\n<p>\u0130ranl\u0131 Mahr Haber ajans\u0131n\u0131n bug\u00fcn aktard\u0131\u011f\u0131 a\u00e7\u0131klamalar\u0131nda Zarif; Bat\u0131l\u0131 devletlerin ba\u015fka devletlere kar\u015f\u0131 tutum ve politikalar\u0131n\u0131 g\u00f6zden ge\u00e7irip d\u00fczeltmeleri gerekti\u011fini, aksi halde pe\u015fin s\u0131ra sorunlarla kar\u015f\u0131 kar\u015f\u0131ya kalacaklar\u0131n\u0131 s\u00f6yledi.<\/p>\n<p>A.A.<\/p>\n","protected":false},"excerpt":{"rendered":"<p>TAHRAN \u2013 \u0130ran D\u0131\u015fi\u015fleri Bakan\u0131 Muhammed Cevat Zarif; Bat\u0131l\u0131lar\u0131n, ba\u015fkalar\u0131n\u0131 katletmek i\u00e7in I\u015e\u0130D\u2019 ter\u00f6r \u00f6rg\u00fct\u00fcn\u00fc te\u015fkil etti\u011fini, ard\u0131ndan da bu \u00f6rg\u00fct\u00fcn kurban\u0131 oldu\u011funu belirtti. \u0130ranl\u0131 Mahr Haber ajans\u0131n\u0131n bug\u00fcn aktard\u0131\u011f\u0131 a\u00e7\u0131klamalar\u0131nda Zarif; Bat\u0131l\u0131 devletlerin ba\u015fka devletlere kar\u015f\u0131 tutum ve politikalar\u0131n\u0131 g\u00f6zden ge\u00e7irip d\u00fczeltmeleri gerekti\u011fini, aksi halde pe\u015fin s\u0131ra sorunlarla kar\u015f\u0131 kar\u015f\u0131ya kalacaklar\u0131n\u0131 s\u00f6yledi. A.A.<\/p>\n","protected":false},"author":1,"featured_media":24420,"comment_status":"closed","ping_status":"closed","sticky":false,"template":"","format":"standard","meta":{"footnotes":""},"categories":[458,459,447],"tags":[11679,11678,11677],"class_list":["post-24419","post","type-post","status-publish","format-standard","has-post-thumbnail","","category-dunya1","category-haberler-arap-uluslararasi-politika","category-politika","tag-ardindan-da-bu-orgutun-kurbani-oldugunu-belirtti","tag-baskalarini-katletmek-icin-isid-teror-orgutunu-teskil-ettigini","tag-batili-devletler-tutumlarini-gozden-gecirip-duzeltmeliler-tahran-iran-disisleri-bakani-muhammed-cevat-zarif-batililarin"],"_links":{"self":[{"href":"https:\/\/archive.sana.sy\/tr\/index.php?rest_route=\/wp\/v2\/posts\/24419","targetHints":{"allow":["GET"]}}],"collection":[{"href":"https:\/\/archive.sana.sy\/tr\/index.php?rest_route=\/wp\/v2\/posts"}],"about":[{"href":"https:\/\/archive.sana.sy\/tr\/index.php?rest_route=\/wp\/v2\/types\/post"}],"author":[{"embeddable":true,"href":"https:\/\/archive.sana.sy\/tr\/index.php?rest_route=\/wp\/v2\/users\/1"}],"replies":[{"embeddable":true,"href":"https:\/\/archive.sana.sy\/tr\/index.php?rest_route=%2Fwp%2Fv2%2Fcomments&post=24419"}],"version-history":[{"count":0,"href":"https:\/\/archive.sana.sy\/tr\/index.php?rest_route=\/wp\/v2\/posts\/24419\/revisions"}],"wp:featuredmedia":[{"embeddable":true,"href":"https:\/\/archive.sana.sy\/tr\/index.php?rest_route=\/wp\/v2\/media\/24420"}],"wp:attachment":[{"href":"https:\/\/archive.sana.sy\/tr\/index.php?rest_route=%2Fwp%2Fv2%2Fmedia&parent=24419"}],"wp:term":[{"taxonomy":"category","embeddable":true,"href":"https:\/\/archive.sana.sy\/tr\/index.php?rest_route=%2Fwp%2Fv2%2Fcategories&post=24419"},{"taxonomy":"post_tag","embeddable":true,"href":"https:\/\/archive.sana.sy\/tr\/index.php?rest_route=%2Fwp%2Fv2%2Ftags&post=24419"}],"curies":[{"name":"wp","href":"https:\/\/api.w.org\/{rel}","templated":true}]}}