{"id":24422,"date":"2015-02-21T13:32:10","date_gmt":"2015-02-21T11:32:10","guid":{"rendered":"http:\/\/www.sana.sy\/tr\/?p=24422"},"modified":"2015-02-21T13:32:10","modified_gmt":"2015-02-21T11:32:10","slug":"teror-ve-kacirma-eylemlerinden-kurtulanlara-yardim-fonu-kurulacak","status":"publish","type":"post","link":"https:\/\/archive.sana.sy\/tr\/?p=24422","title":{"rendered":"Ter\u00f6r ve Ka\u00e7\u0131rma Eylemlerinden Kurtulanlara Yard\u0131m Fonu Kurulacak"},"content":{"rendered":"<p>LAZK\u0130YE \u2013 Sosyal \u0130\u015fler Bakan\u0131 Kinda el \u015eammat Lazkiye k\u0131rsal\u0131n\u0131n kuzeyinde T\u00fcrkiye&#8217;deki rejimin destekledi\u011fi ter\u00f6r \u00e7etelerin vah\u015fet dolu ter\u00f6r eylemlerinden kurtulan aileler ve \u00e7ocuklarla d\u00fcn bir araya geldi.<\/p>\n<p>G\u00f6r\u00fc\u015fmenin ard\u0131ndan SANA\u2019ya a\u00e7\u0131klama yapan \u015eammat; Lazkiye k\u0131rsal\u0131nda Erdo\u011fan ter\u00f6r \u00e7etelerin vah\u015fetinden kurtulanlarla yeteri derecede ilgilenilmedi\u011fini s\u00f6yledi. Ter\u00f6ristler taraf\u0131ndan ka\u00e7\u0131r\u0131lan ve insanl\u0131k d\u0131\u015f\u0131 vah\u015fete maruz kalan bu ailelerin \u00e7ektikleri ac\u0131lara dikkat \u00e7ekti.<\/p>\n<p>Bakan \u015eammat; Bakanl\u0131\u011f\u0131n h\u00fck\u00fcmete yak\u0131n bir s\u00fcre i\u00e7inde ter\u00f6ristlerin vah\u015fetlerinden ve ka\u00e7\u0131rma eylemlerinden kurtulan vatanda\u015flara sosyal destek amac\u0131yla bir yard\u0131m fonunun te\u015fkil edilmesi projesi takdim edece\u011fini a\u00e7\u0131klad\u0131. Ter\u00f6r \u00e7etelerin bir\u00e7ok b\u00f6lgede masum sivil vatanda\u015flara insanl\u0131k d\u0131\u015f\u0131 vah\u015fetlerde bulunmalar\u0131yla birlikte ge\u00e7im kaynaklar\u0131 olan tar\u0131m mahsulleri ve i\u015fyerlerini sabote ettiklerine vurgu yapan \u015eammat; dolay\u0131s\u0131yla yard\u0131m fonunun mutlak bir gereklilik te\u015fkil etti\u011fini belirtti.<\/p>\n<p>Bakan \u015eammat; bu ter\u00f6r \u00e7etelerin eylemlerine tan\u0131k olan \u00e7ocuklar ba\u015fta olmak \u00fczere ter\u00f6r ma\u011fdurlar\u0131na psikolojik deste\u011fin yetersiz oldu\u011funu, bu konuda ciddi \u00e7al\u0131\u015fmalar\u0131n yap\u0131lmas\u0131 \u00f6nemine vurgu yapt\u0131.<\/p>\n<p>Bilinece\u011fi \u00fczere tekfirci ve hain ter\u00f6r \u00e7eteleri ge\u00e7en A\u011fustos ay\u0131nda T\u00fcrkiye&#8217;deki ihvanc\u0131 rejimin deste\u011fi ile Lazkiye k\u0131rsal\u0131n\u0131n bir\u00e7ok k\u00f6y\u00fcne vah\u015fi sald\u0131r\u0131larda bulunmu\u015f, evlerinde g\u00fcven i\u00e7inde bulunan masum sivillere kar\u015f\u0131 insanl\u0131\u011f\u0131n y\u00fcz karas\u0131 su\u00e7lar i\u015flemi\u015flerdi.<\/p>\n<p>\u00d6te yandan Sosyal \u0130\u015fler Bakan\u0131 \u015eammat Lazkiye\u2019de Suriye Arap K\u0131z\u0131lay \u00d6rg\u00fct\u00fc \u00e7al\u0131\u015fanlar\u0131 ile bir araya geldi.<\/p>\n<p>G\u00f6r\u00fc\u015fmede K\u0131z\u0131lay \u00e7al\u0131\u015fanlar\u0131n\u0131n bulunduklar\u0131 faaliyetler ve kar\u015f\u0131la\u015ft\u0131klar\u0131 sorunlar mercek alt\u0131na tutuldu.<\/p>\n<p>A.A.<\/p>\n<div id='gallery-1' class='gallery galleryid-24422 gallery-columns-3 gallery-size-thumbnail'><figure class='gallery-item'>\n\t\t\t<div class='gallery-icon landscape'>\n\t\t\t\t<a href='https:\/\/archive.sana.sy\/tr\/wp-content\/uploads\/2015\/02\/\u015eammat-1.jpg'><img loading=\"lazy\" decoding=\"async\" width=\"150\" height=\"99\" src=\"https:\/\/archive.sana.sy\/tr\/wp-content\/uploads\/2015\/02\/\u015eammat-1-150x99.jpg\" class=\"attachment-thumbnail size-thumbnail\" alt=\"\" srcset=\"https:\/\/archive.sana.sy\/tr\/wp-content\/uploads\/2015\/02\/\u015eammat-1-150x99.jpg 150w, https:\/\/archive.sana.sy\/tr\/wp-content\/uploads\/2015\/02\/\u015eammat-1-300x197.jpg 300w, https:\/\/archive.sana.sy\/tr\/wp-content\/uploads\/2015\/02\/\u015eammat-1-1024x673.jpg 1024w\" sizes=\"auto, (max-width: 150px) 100vw, 150px\" \/><\/a>\n\t\t\t<\/div><\/figure><figure class='gallery-item'>\n\t\t\t<div class='gallery-icon landscape'>\n\t\t\t\t<a href='https:\/\/archive.sana.sy\/tr\/wp-content\/uploads\/2015\/02\/\u015eammat-3.jpg'><img loading=\"lazy\" decoding=\"async\" width=\"150\" height=\"112\" src=\"https:\/\/archive.sana.sy\/tr\/wp-content\/uploads\/2015\/02\/\u015eammat-3-150x112.jpg\" class=\"attachment-thumbnail size-thumbnail\" alt=\"\" srcset=\"https:\/\/archive.sana.sy\/tr\/wp-content\/uploads\/2015\/02\/\u015eammat-3-150x112.jpg 150w, https:\/\/archive.sana.sy\/tr\/wp-content\/uploads\/2015\/02\/\u015eammat-3-300x224.jpg 300w, https:\/\/archive.sana.sy\/tr\/wp-content\/uploads\/2015\/02\/\u015eammat-3-1024x765.jpg 1024w\" sizes=\"auto, (max-width: 150px) 100vw, 150px\" \/><\/a>\n\t\t\t<\/div><\/figure><figure class='gallery-item'>\n\t\t\t<div class='gallery-icon landscape'>\n\t\t\t\t<a href='https:\/\/archive.sana.sy\/tr\/wp-content\/uploads\/2015\/02\/\u015eammat-4.jpg'><img loading=\"lazy\" decoding=\"async\" width=\"150\" height=\"115\" src=\"https:\/\/archive.sana.sy\/tr\/wp-content\/uploads\/2015\/02\/\u015eammat-4-150x115.jpg\" class=\"attachment-thumbnail size-thumbnail\" alt=\"\" srcset=\"https:\/\/archive.sana.sy\/tr\/wp-content\/uploads\/2015\/02\/\u015eammat-4-150x115.jpg 150w, https:\/\/archive.sana.sy\/tr\/wp-content\/uploads\/2015\/02\/\u015eammat-4-300x231.jpg 300w, https:\/\/archive.sana.sy\/tr\/wp-content\/uploads\/2015\/02\/\u015eammat-4-1024x787.jpg 1024w\" sizes=\"auto, (max-width: 150px) 100vw, 150px\" \/><\/a>\n\t\t\t<\/div><\/figure><figure class='gallery-item'>\n\t\t\t<div class='gallery-icon landscape'>\n\t\t\t\t<a href='https:\/\/archive.sana.sy\/tr\/wp-content\/uploads\/2015\/02\/\u015eammat-5.jpg'><img loading=\"lazy\" decoding=\"async\" width=\"150\" height=\"118\" src=\"https:\/\/archive.sana.sy\/tr\/wp-content\/uploads\/2015\/02\/\u015eammat-5-150x118.jpg\" class=\"attachment-thumbnail size-thumbnail\" alt=\"\" srcset=\"https:\/\/archive.sana.sy\/tr\/wp-content\/uploads\/2015\/02\/\u015eammat-5-150x118.jpg 150w, https:\/\/archive.sana.sy\/tr\/wp-content\/uploads\/2015\/02\/\u015eammat-5-300x236.jpg 300w, https:\/\/archive.sana.sy\/tr\/wp-content\/uploads\/2015\/02\/\u015eammat-5-1024x804.jpg 1024w\" sizes=\"auto, (max-width: 150px) 100vw, 150px\" \/><\/a>\n\t\t\t<\/div><\/figure><figure class='gallery-item'>\n\t\t\t<div class='gallery-icon landscape'>\n\t\t\t\t<a href='https:\/\/archive.sana.sy\/tr\/wp-content\/uploads\/2015\/02\/\u015eammat-6.jpg'><img loading=\"lazy\" decoding=\"async\" width=\"150\" height=\"111\" src=\"https:\/\/archive.sana.sy\/tr\/wp-content\/uploads\/2015\/02\/\u015eammat-6-150x111.jpg\" class=\"attachment-thumbnail size-thumbnail\" alt=\"\" srcset=\"https:\/\/archive.sana.sy\/tr\/wp-content\/uploads\/2015\/02\/\u015eammat-6-150x111.jpg 150w, https:\/\/archive.sana.sy\/tr\/wp-content\/uploads\/2015\/02\/\u015eammat-6-300x221.jpg 300w, https:\/\/archive.sana.sy\/tr\/wp-content\/uploads\/2015\/02\/\u015eammat-6-1024x755.jpg 1024w\" sizes=\"auto, (max-width: 150px) 100vw, 150px\" \/><\/a>\n\t\t\t<\/div><\/figure><figure class='gallery-item'>\n\t\t\t<div class='gallery-icon landscape'>\n\t\t\t\t<a href='https:\/\/archive.sana.sy\/tr\/wp-content\/uploads\/2015\/02\/\u015eammat-7.jpg'><img loading=\"lazy\" decoding=\"async\" width=\"150\" height=\"96\" src=\"https:\/\/archive.sana.sy\/tr\/wp-content\/uploads\/2015\/02\/\u015eammat-7-150x96.jpg\" class=\"attachment-thumbnail size-thumbnail\" alt=\"\" srcset=\"https:\/\/archive.sana.sy\/tr\/wp-content\/uploads\/2015\/02\/\u015eammat-7-150x96.jpg 150w, https:\/\/archive.sana.sy\/tr\/wp-content\/uploads\/2015\/02\/\u015eammat-7-300x193.jpg 300w, https:\/\/archive.sana.sy\/tr\/wp-content\/uploads\/2015\/02\/\u015eammat-7-1024x658.jpg 1024w\" sizes=\"auto, (max-width: 150px) 100vw, 150px\" \/><\/a>\n\t\t\t<\/div><\/figure>\n\t\t<\/div>\n\n","protected":false},"excerpt":{"rendered":"<p>LAZK\u0130YE \u2013 Sosyal \u0130\u015fler Bakan\u0131 Kinda el \u015eammat Lazkiye k\u0131rsal\u0131n\u0131n kuzeyinde T\u00fcrkiye&#8217;deki rejimin destekledi\u011fi ter\u00f6r \u00e7etelerin vah\u015fet dolu ter\u00f6r eylemlerinden kurtulan aileler ve \u00e7ocuklarla d\u00fcn bir araya geldi. G\u00f6r\u00fc\u015fmenin ard\u0131ndan SANA\u2019ya a\u00e7\u0131klama yapan \u015eammat; Lazkiye k\u0131rsal\u0131nda Erdo\u011fan ter\u00f6r \u00e7etelerin vah\u015fetinden kurtulanlarla yeteri derecede ilgilenilmedi\u011fini s\u00f6yledi. Ter\u00f6ristler taraf\u0131ndan ka\u00e7\u0131r\u0131lan ve insanl\u0131k d\u0131\u015f\u0131 vah\u015fete maruz kalan bu &hellip;<\/p>\n","protected":false},"author":1,"featured_media":24423,"comment_status":"closed","ping_status":"closed","sticky":false,"template":"","format":"standard","meta":{"footnotes":""},"categories":[596,526,479,525,478],"tags":[11680],"class_list":["post-24422","post","type-post","status-publish","format-standard","has-post-thumbnail","","category-fotografli-raporlar","category-haber-ve-raporlar","category-haberler-yerel","category-toplum","category-yerel","tag-teror-ve-kacirma-eylemlerinden-kurtulanlara-yardim-fonu-kurulacak-lazkiye-sosyal-isler-bakani-kinda-el-sammat-lazkiye-kirsalinin-kuzeyinde-turkiyedeki-rejimin-destekledigi-teror-cetelerin-v"],"_links":{"self":[{"href":"https:\/\/archive.sana.sy\/tr\/index.php?rest_route=\/wp\/v2\/posts\/24422","targetHints":{"allow":["GET"]}}],"collection":[{"href":"https:\/\/archive.sana.sy\/tr\/index.php?rest_route=\/wp\/v2\/posts"}],"about":[{"href":"https:\/\/archive.sana.sy\/tr\/index.php?rest_route=\/wp\/v2\/types\/post"}],"author":[{"embeddable":true,"href":"https:\/\/archive.sana.sy\/tr\/index.php?rest_route=\/wp\/v2\/users\/1"}],"replies":[{"embeddable":true,"href":"https:\/\/archive.sana.sy\/tr\/index.php?rest_route=%2Fwp%2Fv2%2Fcomments&post=24422"}],"version-history":[{"count":0,"href":"https:\/\/archive.sana.sy\/tr\/index.php?rest_route=\/wp\/v2\/posts\/24422\/revisions"}],"wp:featuredmedia":[{"embeddable":true,"href":"https:\/\/archive.sana.sy\/tr\/index.php?rest_route=\/wp\/v2\/media\/24423"}],"wp:attachment":[{"href":"https:\/\/archive.sana.sy\/tr\/index.php?rest_route=%2Fwp%2Fv2%2Fmedia&parent=24422"}],"wp:term":[{"taxonomy":"category","embeddable":true,"href":"https:\/\/archive.sana.sy\/tr\/index.php?rest_route=%2Fwp%2Fv2%2Fcategories&post=24422"},{"taxonomy":"post_tag","embeddable":true,"href":"https:\/\/archive.sana.sy\/tr\/index.php?rest_route=%2Fwp%2Fv2%2Ftags&post=24422"}],"curies":[{"name":"wp","href":"https:\/\/api.w.org\/{rel}","templated":true}]}}