{"id":244255,"date":"2021-10-07T11:59:20","date_gmt":"2021-10-07T08:59:20","guid":{"rendered":"http:\/\/107.6.182.27\/tr\/?p=244255"},"modified":"2021-10-09T07:51:14","modified_gmt":"2021-10-09T04:51:14","slug":"hasekedeki-tel-brakta-4-sivil-yaralandi","status":"publish","type":"post","link":"https:\/\/archive.sana.sy\/tr\/?p=244255","title":{"rendered":"Tel Brak&#8217;ta DSG Milislerinin Kur\u015funlar\u0131yla 1 Sivil \u015eehit D\u00fc\u015ft\u00fc, 16 Ki\u015fi Yaraland\u0131"},"content":{"rendered":"<p>HASEKE \u00a0\u2013 Haseke k\u0131rsal\u0131n\u0131n kuzeyinde yer alan Tel Brak il\u00e7esinde Amerikan i\u015fgal g\u00fc\u00e7lerine ba\u011fl\u0131 DSG milislerinin ate\u015f a\u00e7mas\u0131 sonucunde bir sivil \u015fehit d\u00fc\u015ft\u00fc, 16 ki\u015fi de yaraland\u0131.<\/p>\n<p><img loading=\"lazy\" decoding=\"async\" class=\"size-medium wp-image-244273 alignright\" src=\"http:\/\/107.6.182.27\/tr\/wp-content\/uploads\/2021\/10\/13-300x225.jpg\" alt=\"\" width=\"300\" height=\"225\" srcset=\"https:\/\/archive.sana.sy\/tr\/wp-content\/uploads\/2021\/10\/13-300x225.jpg 300w, https:\/\/archive.sana.sy\/tr\/wp-content\/uploads\/2021\/10\/13-150x113.jpg 150w, https:\/\/archive.sana.sy\/tr\/wp-content\/uploads\/2021\/10\/13.jpg 660w\" sizes=\"auto, (max-width: 300px) 100vw, 300px\" \/>Tel Brak il\u00e7esinden yer kaynaklar SANA muhabirine, halk\u0131n Tel Brak il\u00e7esine ba\u011fl\u0131 &#8220;N\u0131s Tel&#8221; b\u00f6lgesinde &#8220;DSG&#8221; milislerinin elektrik trafosunu \u00e7almas\u0131n\u0131 engellemek i\u00e7in topland\u0131\u011f\u0131n\u0131 belirtirken, bunu \u00fczerine milis gruplar\u0131n\u0131n b\u00f6lgeyi z\u0131rhl\u0131 ara\u00e7larla ku\u015fatt\u0131\u011f\u0131n\u0131 ve insanlara ate\u015f a\u00e7t\u0131\u011f\u0131na i\u015faret etti.<\/p>\n<p>Kaynaklar, DSG milislerinin a\u00e7t\u0131klar\u0131 ate\u015f sonucunda 1 sivilin \u015fehit d\u00fc\u015ft\u00fc\u011f\u00fcn\u00fc, 16 ki\u015finin yaraland\u0131\u011f\u0131n\u0131 belirtti.<\/p>\n<p>Elbu Hattab a\u015firetinin \u015feyhi Muhammed Hasnavi El Cedu, DSG milislerinin \u201ch\u0131rs\u0131zl\u0131k ve ya\u011fma eylemlerini reddeden vatanda\u015flara ate\u015f a\u00e7t\u0131\u011f\u0131n\u0131\u201d belirtirken,<\/p>\n<p>\u015eeyh El Cedu, milislerin halka y\u00f6nelik uygulamalar\u0131na son verilmesi ve ate\u015f edenlerin bir an \u00f6nce hesap vermesi \u00e7a\u011fr\u0131s\u0131nda bulundu.<\/p>\n","protected":false},"excerpt":{"rendered":"<p>HASEKE \u00a0\u2013 Haseke k\u0131rsal\u0131n\u0131n kuzeyinde yer alan Tel Brak il\u00e7esinde Amerikan i\u015fgal g\u00fc\u00e7lerine ba\u011fl\u0131 DSG milislerinin ate\u015f a\u00e7mas\u0131 sonucunde bir sivil \u015fehit d\u00fc\u015ft\u00fc, 16 ki\u015fi de yaraland\u0131. Tel Brak il\u00e7esinden yer kaynaklar SANA muhabirine, halk\u0131n Tel Brak il\u00e7esine ba\u011fl\u0131 &#8220;N\u0131s Tel&#8221; b\u00f6lgesinde &#8220;DSG&#8221; milislerinin elektrik trafosunu \u00e7almas\u0131n\u0131 engellemek i\u00e7in topland\u0131\u011f\u0131n\u0131 belirtirken, bunu \u00fczerine milis gruplar\u0131n\u0131n &hellip;<\/p>\n","protected":false},"author":36,"featured_media":244274,"comment_status":"closed","ping_status":"closed","sticky":false,"template":"","format":"standard","meta":{"footnotes":""},"categories":[479,575,17988,478],"tags":[],"class_list":["post-244255","post","type-post","status-publish","format-standard","has-post-thumbnail","","category-haberler-yerel","category-olaylar-ve-gercekler","category-son-haberler","category-yerel"],"_links":{"self":[{"href":"https:\/\/archive.sana.sy\/tr\/index.php?rest_route=\/wp\/v2\/posts\/244255","targetHints":{"allow":["GET"]}}],"collection":[{"href":"https:\/\/archive.sana.sy\/tr\/index.php?rest_route=\/wp\/v2\/posts"}],"about":[{"href":"https:\/\/archive.sana.sy\/tr\/index.php?rest_route=\/wp\/v2\/types\/post"}],"author":[{"embeddable":true,"href":"https:\/\/archive.sana.sy\/tr\/index.php?rest_route=\/wp\/v2\/users\/36"}],"replies":[{"embeddable":true,"href":"https:\/\/archive.sana.sy\/tr\/index.php?rest_route=%2Fwp%2Fv2%2Fcomments&post=244255"}],"version-history":[{"count":0,"href":"https:\/\/archive.sana.sy\/tr\/index.php?rest_route=\/wp\/v2\/posts\/244255\/revisions"}],"wp:featuredmedia":[{"embeddable":true,"href":"https:\/\/archive.sana.sy\/tr\/index.php?rest_route=\/wp\/v2\/media\/244274"}],"wp:attachment":[{"href":"https:\/\/archive.sana.sy\/tr\/index.php?rest_route=%2Fwp%2Fv2%2Fmedia&parent=244255"}],"wp:term":[{"taxonomy":"category","embeddable":true,"href":"https:\/\/archive.sana.sy\/tr\/index.php?rest_route=%2Fwp%2Fv2%2Fcategories&post=244255"},{"taxonomy":"post_tag","embeddable":true,"href":"https:\/\/archive.sana.sy\/tr\/index.php?rest_route=%2Fwp%2Fv2%2Ftags&post=244255"}],"curies":[{"name":"wp","href":"https:\/\/api.w.org\/{rel}","templated":true}]}}