{"id":244282,"date":"2021-10-07T11:58:12","date_gmt":"2021-10-07T08:58:12","guid":{"rendered":"http:\/\/107.6.182.27\/tr\/?p=244282"},"modified":"2021-10-08T08:40:25","modified_gmt":"2021-10-08T05:40:25","slug":"kunaytra-kirsalinda-bir-bomba-duzenegi-patladi-2-genc-yaralandi","status":"publish","type":"post","link":"https:\/\/archive.sana.sy\/tr\/?p=244282","title":{"rendered":"Kunaytra K\u0131rsal\u0131nda Bir Bomba D\u00fczene\u011fi Patlad\u0131, 2 Gen\u00e7 Yaraland\u0131"},"content":{"rendered":"<p>KUNAYTRA \u2013 Kunaytra k\u0131rsal\u0131nda yer alan Umm Batina k\u00f6y\u00fcnde, ter\u00f6r gruplar\u0131ndan kalan bir bomba d\u00fczene\u011finin patlamas\u0131 sonucunda 2 Vatanda\u015f yaraland\u0131.<\/p>\n<p>Kunaytra\u2019daki \u015eehit Memduh Abaza Hastanesinden bir kaynak SANA muhabirine, acil departman\u0131n\u0131n, \u015farapnellerle yaralanan 13-16 ya\u015flar\u0131 aras\u0131ndaki\u00a0 iki gencin kabul etti\u011fini belirtirken, onlara gerekli t\u0131bbi yard\u0131m\u0131n sa\u011fland\u0131\u011f\u0131na i\u015faret etti.<\/p>\n","protected":false},"excerpt":{"rendered":"<p>KUNAYTRA \u2013 Kunaytra k\u0131rsal\u0131nda yer alan Umm Batina k\u00f6y\u00fcnde, ter\u00f6r gruplar\u0131ndan kalan bir bomba d\u00fczene\u011finin patlamas\u0131 sonucunda 2 Vatanda\u015f yaraland\u0131. Kunaytra\u2019daki \u015eehit Memduh Abaza Hastanesinden bir kaynak SANA muhabirine, acil departman\u0131n\u0131n, \u015farapnellerle yaralanan 13-16 ya\u015flar\u0131 aras\u0131ndaki\u00a0 iki gencin kabul etti\u011fini belirtirken, onlara gerekli t\u0131bbi yard\u0131m\u0131n sa\u011fland\u0131\u011f\u0131na i\u015faret etti.<\/p>\n","protected":false},"author":36,"featured_media":244283,"comment_status":"closed","ping_status":"closed","sticky":false,"template":"","format":"standard","meta":{"footnotes":""},"categories":[479,575,17988,478],"tags":[],"class_list":["post-244282","post","type-post","status-publish","format-standard","has-post-thumbnail","","category-haberler-yerel","category-olaylar-ve-gercekler","category-son-haberler","category-yerel"],"_links":{"self":[{"href":"https:\/\/archive.sana.sy\/tr\/index.php?rest_route=\/wp\/v2\/posts\/244282","targetHints":{"allow":["GET"]}}],"collection":[{"href":"https:\/\/archive.sana.sy\/tr\/index.php?rest_route=\/wp\/v2\/posts"}],"about":[{"href":"https:\/\/archive.sana.sy\/tr\/index.php?rest_route=\/wp\/v2\/types\/post"}],"author":[{"embeddable":true,"href":"https:\/\/archive.sana.sy\/tr\/index.php?rest_route=\/wp\/v2\/users\/36"}],"replies":[{"embeddable":true,"href":"https:\/\/archive.sana.sy\/tr\/index.php?rest_route=%2Fwp%2Fv2%2Fcomments&post=244282"}],"version-history":[{"count":0,"href":"https:\/\/archive.sana.sy\/tr\/index.php?rest_route=\/wp\/v2\/posts\/244282\/revisions"}],"wp:featuredmedia":[{"embeddable":true,"href":"https:\/\/archive.sana.sy\/tr\/index.php?rest_route=\/wp\/v2\/media\/244283"}],"wp:attachment":[{"href":"https:\/\/archive.sana.sy\/tr\/index.php?rest_route=%2Fwp%2Fv2%2Fmedia&parent=244282"}],"wp:term":[{"taxonomy":"category","embeddable":true,"href":"https:\/\/archive.sana.sy\/tr\/index.php?rest_route=%2Fwp%2Fv2%2Fcategories&post=244282"},{"taxonomy":"post_tag","embeddable":true,"href":"https:\/\/archive.sana.sy\/tr\/index.php?rest_route=%2Fwp%2Fv2%2Ftags&post=244282"}],"curies":[{"name":"wp","href":"https:\/\/api.w.org\/{rel}","templated":true}]}}