{"id":24431,"date":"2015-02-21T13:41:18","date_gmt":"2015-02-21T11:41:18","guid":{"rendered":"http:\/\/www.sana.sy\/tr\/?p=24431"},"modified":"2015-02-21T13:41:18","modified_gmt":"2015-02-21T11:41:18","slug":"uyusturucu-sebekesi-cokertildi-2","status":"publish","type":"post","link":"https:\/\/archive.sana.sy\/tr\/?p=24431","title":{"rendered":"Uyu\u015fturucu \u015eebekesi \u00c7\u00f6kertildi"},"content":{"rendered":"<p>\u015eAM \u2013 \u0130\u00e7i\u015fleri Bakanl\u0131\u011f\u0131na tabi uyu\u015fturucuyla m\u00fccadele masas\u0131 bug\u00fcn \u015eam\u2019da uyu\u015fturucu ticareti ve kuryeli\u011fi yapan bir \u015febekeyi \u00e7\u00f6kertti.<\/p>\n<p>Emniyet M\u00fcd\u00fcrl\u00fc\u011f\u00fcnde bir kaynak uyu\u015fturucuyla m\u00fccadele birimlerinin \u015eam ve k\u0131rsal\u0131nda uyu\u015fturucu satan be\u015f ki\u015finin tutukland\u0131\u011f\u0131n\u0131 a\u00e7\u0131klad\u0131. Kaynak \u015fah\u0131slar\u0131n havzalar\u0131nda 6.5 kg kullan\u0131ma haz\u0131r hintkeneviri, 296 tablet captagon ve bir miktar eroin ele ge\u00e7irildi\u011fini s\u00f6yledi.<\/p>\n<p>Bu arada muhtelif b\u00f6lgelerde bulunan ter\u00f6r \u00e7eteleri yo\u011fun bir \u015fekilde uyu\u015fturucu kullanmaktad\u0131r.<\/p>\n","protected":false},"excerpt":{"rendered":"<p>\u015eAM \u2013 \u0130\u00e7i\u015fleri Bakanl\u0131\u011f\u0131na tabi uyu\u015fturucuyla m\u00fccadele masas\u0131 bug\u00fcn \u015eam\u2019da uyu\u015fturucu ticareti ve kuryeli\u011fi yapan bir \u015febekeyi \u00e7\u00f6kertti. Emniyet M\u00fcd\u00fcrl\u00fc\u011f\u00fcnde bir kaynak uyu\u015fturucuyla m\u00fccadele birimlerinin \u015eam ve k\u0131rsal\u0131nda uyu\u015fturucu satan be\u015f ki\u015finin tutukland\u0131\u011f\u0131n\u0131 a\u00e7\u0131klad\u0131. Kaynak \u015fah\u0131slar\u0131n havzalar\u0131nda 6.5 kg kullan\u0131ma haz\u0131r hintkeneviri, 296 tablet captagon ve bir miktar eroin ele ge\u00e7irildi\u011fini s\u00f6yledi. Bu arada muhtelif &hellip;<\/p>\n","protected":false},"author":1,"featured_media":24432,"comment_status":"closed","ping_status":"closed","sticky":false,"template":"","format":"standard","meta":{"footnotes":""},"categories":[485,479,486,575,478],"tags":[11681],"class_list":["post-24431","post","type-post","status-publish","format-standard","has-post-thumbnail","","category-is-ve-sermaye","category-haberler-yerel","category-haberler-is-ve-sermaye","category-olaylar-ve-gercekler","category-yerel","tag-uyusturucu-sebekesi-cokertildi-sam-icisleri-bakanligina-tabi-uyusturucuyla-mucadele-masasi-bugun-samda-uyusturucu-ticareti-ve-kuryeligi-yapan-bir-sebekeyi-cokertti"],"_links":{"self":[{"href":"https:\/\/archive.sana.sy\/tr\/index.php?rest_route=\/wp\/v2\/posts\/24431","targetHints":{"allow":["GET"]}}],"collection":[{"href":"https:\/\/archive.sana.sy\/tr\/index.php?rest_route=\/wp\/v2\/posts"}],"about":[{"href":"https:\/\/archive.sana.sy\/tr\/index.php?rest_route=\/wp\/v2\/types\/post"}],"author":[{"embeddable":true,"href":"https:\/\/archive.sana.sy\/tr\/index.php?rest_route=\/wp\/v2\/users\/1"}],"replies":[{"embeddable":true,"href":"https:\/\/archive.sana.sy\/tr\/index.php?rest_route=%2Fwp%2Fv2%2Fcomments&post=24431"}],"version-history":[{"count":0,"href":"https:\/\/archive.sana.sy\/tr\/index.php?rest_route=\/wp\/v2\/posts\/24431\/revisions"}],"wp:featuredmedia":[{"embeddable":true,"href":"https:\/\/archive.sana.sy\/tr\/index.php?rest_route=\/wp\/v2\/media\/24432"}],"wp:attachment":[{"href":"https:\/\/archive.sana.sy\/tr\/index.php?rest_route=%2Fwp%2Fv2%2Fmedia&parent=24431"}],"wp:term":[{"taxonomy":"category","embeddable":true,"href":"https:\/\/archive.sana.sy\/tr\/index.php?rest_route=%2Fwp%2Fv2%2Fcategories&post=24431"},{"taxonomy":"post_tag","embeddable":true,"href":"https:\/\/archive.sana.sy\/tr\/index.php?rest_route=%2Fwp%2Fv2%2Ftags&post=24431"}],"curies":[{"name":"wp","href":"https:\/\/api.w.org\/{rel}","templated":true}]}}