{"id":244312,"date":"2021-10-08T09:28:14","date_gmt":"2021-10-08T06:28:14","guid":{"rendered":"http:\/\/107.6.182.27\/tr\/?p=244312"},"modified":"2021-10-09T07:51:34","modified_gmt":"2021-10-09T04:51:34","slug":"mikdad-suriyenin-terorle-mucadeledeki-basarilari-uluslararasi-siyasi-atmosferin-suriyeye-dogru-degismesinin-nedenidir","status":"publish","type":"post","link":"https:\/\/archive.sana.sy\/tr\/?p=244312","title":{"rendered":"Mikdad: Suriye&#8217;nin Ter\u00f6rle M\u00fccadeledeki Ba\u015far\u0131lar\u0131, Uluslararas\u0131 Siyasi Atmosferin Suriye&#8217;ye Do\u011fru De\u011fi\u015fmesinin Nedenidir"},"content":{"rendered":"<p>\u015eAM \u2013 D\u0131\u015fi\u015fleri ve Gurbet\u00e7iler Bakan\u0131 Dr. Faysal El Mikdad, Suriye&#8217;nin ter\u00f6re kar\u015f\u0131 sava\u015fta elde etti\u011fi ba\u015far\u0131lar\u0131n ve halk\u0131n\u0131n, \u00fclkelerinin egemenli\u011fini, g\u00fcc\u00fcn\u00fc ve toprak b\u00fct\u00fcnl\u00fc\u011f\u00fcn\u00fc korumak i\u00e7in yapt\u0131\u011f\u0131 fedakarl\u0131klar\u0131n uluslararas\u0131 siyasi atmosferin Suriye&#8217;ye y\u00f6nelik de\u011fi\u015fmesinin nedeni oldu\u011funu belirtti.<\/p>\n<p>El Suriye ve El \u0130hbariye kanallar\u0131na verdi\u011fi r\u00f6portajda El Mikdad, Suriye&#8217;nin ter\u00f6r\u00fc t\u00fcm topraklar\u0131nda ortadan kald\u0131rmaya kararl\u0131 oldu\u011funu,topraklar\u0131n\u0131n hi\u00e7bir b\u00f6l\u00fcm\u00fcnden vazge\u00e7meyece\u011fini ve Amerikan ve T\u00fcrk i\u015fgal g\u00fc\u00e7lerinin i\u015fgal ettikleri topraklardan \u00e7ekilmesi gerekti\u011fini vurgulad\u0131.<\/p>\n<p><span style=\"color: #0000ff;\">Suriye&#8217;ye Y\u00f6nelik Uluslararas\u0131 Tutumlardaki De\u011fi\u015fim, Halk\u0131n\u0131n, \u00dclkelerinin Egemenli\u011fini, G\u00fcc\u00fcn\u00fc Ve Toprak B\u00fct\u00fcnl\u00fc\u011f\u00fcn\u00fc Korumak \u0130\u00e7in Yapt\u0131\u011f\u0131 Fedakarl\u0131klar Sonucunda Ger\u00e7ekle\u015fti.<\/span><\/p>\n<p>Mikdad, uluslararas\u0131 tutumdaki de\u011fi\u015fimin, Suriye&#8217;nin ordusu, lideri ve diren\u00e7li halk\u0131 sayesinde kendisine kar\u015f\u0131 y\u00fcr\u00fct\u00fclen sava\u015f\u0131 kazanmas\u0131ndan sonra geldi\u011fini, Suriye&#8217;nin \u00e7e\u015fitli b\u00f6lgelerinde elde edilen bu ba\u015far\u0131lar sonucunda tablonun tamamen de\u011fi\u015fti\u011fini belirtti.<\/p>\n<p>Mikdad, Suriye Arap Cumhuriyeti heyetinin Birle\u015fmi\u015f Milletler 76. Genel Kurulu toplant\u0131lar\u0131n\u0131n oturum aralar\u0131nda yapt\u0131\u011f\u0131 toplant\u0131lar\u0131n, Suriye&#8217;nin t\u00fcm d\u00fcnya ad\u0131na ter\u00f6re kar\u015f\u0131 y\u00fcr\u00fctt\u00fc\u011f\u00fc sava\u015fa ve elde edilen kazan\u0131mlara odakland\u0131\u011f\u0131n\u0131 a\u00e7\u0131klad\u0131.<\/p>\n<p><span style=\"color: #0000ff;\">Suriye&#8217;ye Y\u00f6nelik Sald\u0131rganl\u0131\u011f\u0131n Temel Amac\u0131 Siyasi Ger\u00e7e\u011fi De\u011fi\u015ftirmektir, Ancak Suriye Kendisine Haz\u0131rlanan Planlar\u0131 Bozmu\u015ftur.<\/span><\/p>\n<p>Mikdad, Bat\u0131&#8217;n\u0131n Suriye&#8217;ye kaymas\u0131n\u0131n, egemenli\u011fini, g\u00fcc\u00fcn\u00fc, topraklar\u0131n\u0131n ve halk\u0131n\u0131n birli\u011fini korumak i\u00e7in yapt\u0131\u011f\u0131 fedakarl\u0131klar sonucunda ger\u00e7ekle\u015fti\u011fine dikkati \u00e7ekti.<\/p>\n<p>Mikdad, Suriye Arap Cumhuriyeti heyetinin birka\u00e7 g\u00fcn i\u00e7inde otuz g\u00f6r\u00fc\u015fme ger\u00e7ekle\u015ftirdi\u011fini, gelen t\u00fcm taleplere cevap verseydik toplant\u0131lar\u0131n daha b\u00fcy\u00fck say\u0131lara ula\u015faca\u011f\u0131n\u0131 belirtti.<\/p>\n<p><span style=\"color: #0000ff;\">Suriye&#8217;nin M\u0131s\u0131r Gaz\u0131n\u0131 L\u00fcbnan&#8217;a Nakletme Anla\u015fmas\u0131, Karde\u015f L\u00fcbnan Halk\u0131na Y\u00f6nelik Milliyet\u00e7i Tutumlar\u0131na Dayan\u0131yordur.<\/span><\/p>\n<p>Suriye&#8217;nin M\u0131s\u0131r gaz\u0131n\u0131 kendi topraklar\u0131ndan L\u00fcbnan&#8217;a ge\u00e7irme anla\u015fmas\u0131yla ilgili olarak Mikdad: &#8220;Suriye \u00fczerinden L\u00fcbnan&#8217;daki karde\u015flerimize gaz ve elektri\u011fi ula\u015ft\u0131rmaya karar verdi\u011fimizde bu karar, b\u00fcy\u00fck ekonomik zorluklar \u00e7eken karde\u015f bir \u00fclkede durumu kurtarmak i\u00e7in M\u0131s\u0131r gaz\u0131n\u0131n L\u00fcbnan&#8217;a ula\u015fmas\u0131 gerekti\u011fine inand\u0131\u011f\u0131m\u0131z i\u00e7in geldi&#8221; dedi.<\/p>\n<p>\u00dcrd\u00fcn ile Nassib kap\u0131s\u0131n\u0131n a\u00e7\u0131l\u0131mas\u0131yla ilgili Mikdad, bir\u00e7ok Arap&#8217;\u0131n Suriye halk\u0131na uygulanan haks\u0131z ku\u015fatmaya inanmad\u0131\u011f\u0131n\u0131, \u00dcrd\u00fcn&#8217;deki karde\u015flerimizle yapt\u0131\u011f\u0131m\u0131z g\u00f6r\u00fc\u015fmelerle ekonomik ko\u015fullar\u0131n\u0131 iyile\u015ftirmek ve b\u00f6lgedeki istikrar\u0131 art\u0131rmak i\u00e7in iki karde\u015f \u00fclkeye yeni bir ufuk a\u00e7may\u0131 umdu\u011fumuzu ifade etti.<\/p>\n<p>D\u0131\u015fi\u015fleri ve Gurbet\u00e7iler Bakan\u0131, devletin Dera vilayetinde \u00f6nerdi\u011fi anla\u015fman\u0131n, Dera&#8217;da tek bir damla kan d\u00f6k\u00fclmemesi i\u00e7in ger\u00e7ekle\u015fti\u011fini do\u011frulad\u0131.<\/p>\n<p><span style=\"color: #0000ff;\">Suriye, Topraklar\u0131n\u0131n Hi\u00e7bir B\u00f6l\u00fcm\u00fcnden Vazge\u00e7meyecek Ve ABD ve T\u00fcrk \u0130\u015fgal G\u00fc\u00e7leri \u0130\u015fgal Etti\u011fi Suriye Topraklar\u0131ndan \u00c7ekilmeli.<\/span><\/p>\n<p>El Mikdad, Amerikan i\u015fgal g\u00fc\u00e7lerinin, halk\u0131 Suriye&#8217;deki sosyal, insani ve ekonomik hayat\u0131n ayr\u0131lmaz bir par\u00e7as\u0131 olan El Cezire b\u00f6lgesini terk etmesi gerekti\u011fini vurgulad\u0131.<\/p>\n<p><span style=\"color: #0000ff;\">BM&#8217;nin Suriye&#8217;nin Kimyasal Silah Kulland\u0131\u011f\u0131na Dair T\u00fcm Raporlar\u0131 Yalan<\/span><\/p>\n<p>Mikdad, &#8220;Suriye&#8217;nin kimyasal silah kullan\u0131m\u0131na ili\u015fkin t\u00fcm Birle\u015fmi\u015f Milletler raporlar\u0131 yanl\u0131\u015ft\u0131r ve amac\u0131 Suriye&#8217;ye bask\u0131 yapmakt\u0131r&#8221; dedi.<\/p>\n<p><span style=\"color: #0000ff;\">Son Geli\u015fmelerden Ve Suriye \u0130le Baz\u0131 Arap \u00dclkeleri Aras\u0131nda Ger\u00e7ekle\u015fen Temaslardan Memnunuz.<\/span><\/p>\n<p>El Mikdad: &#8220;B\u00fct\u00fcn bu ac\u0131lara ra\u011fmen, Suriye ile baz\u0131 Arap \u00fclkeleri aras\u0131nda ger\u00e7ekle\u015fen ve \u00f6n\u00fcm\u00fczdeki g\u00fcnlerde ve haftalarda t\u00fcm Arap \u00fclkelerini kapsayacak \u015fekilde derinle\u015fmesini umdu\u011fumuz temaslardan ve son geli\u015fmelerden memnunuz\u201d dedi.<\/p>\n","protected":false},"excerpt":{"rendered":"<p>\u015eAM \u2013 D\u0131\u015fi\u015fleri ve Gurbet\u00e7iler Bakan\u0131 Dr. Faysal El Mikdad, Suriye&#8217;nin ter\u00f6re kar\u015f\u0131 sava\u015fta elde etti\u011fi ba\u015far\u0131lar\u0131n ve halk\u0131n\u0131n, \u00fclkelerinin egemenli\u011fini, g\u00fcc\u00fcn\u00fc ve toprak b\u00fct\u00fcnl\u00fc\u011f\u00fcn\u00fc korumak i\u00e7in yapt\u0131\u011f\u0131 fedakarl\u0131klar\u0131n uluslararas\u0131 siyasi atmosferin Suriye&#8217;ye y\u00f6nelik de\u011fi\u015fmesinin nedeni oldu\u011funu belirtti. El Suriye ve El \u0130hbariye kanallar\u0131na verdi\u011fi r\u00f6portajda El Mikdad, Suriye&#8217;nin ter\u00f6r\u00fc t\u00fcm topraklar\u0131nda ortadan kald\u0131rmaya kararl\u0131 &hellip;<\/p>\n","protected":false},"author":36,"featured_media":244313,"comment_status":"closed","ping_status":"closed","sticky":false,"template":"","format":"standard","meta":{"footnotes":""},"categories":[479,17988,478],"tags":[],"class_list":["post-244312","post","type-post","status-publish","format-standard","has-post-thumbnail","","category-haberler-yerel","category-son-haberler","category-yerel"],"_links":{"self":[{"href":"https:\/\/archive.sana.sy\/tr\/index.php?rest_route=\/wp\/v2\/posts\/244312","targetHints":{"allow":["GET"]}}],"collection":[{"href":"https:\/\/archive.sana.sy\/tr\/index.php?rest_route=\/wp\/v2\/posts"}],"about":[{"href":"https:\/\/archive.sana.sy\/tr\/index.php?rest_route=\/wp\/v2\/types\/post"}],"author":[{"embeddable":true,"href":"https:\/\/archive.sana.sy\/tr\/index.php?rest_route=\/wp\/v2\/users\/36"}],"replies":[{"embeddable":true,"href":"https:\/\/archive.sana.sy\/tr\/index.php?rest_route=%2Fwp%2Fv2%2Fcomments&post=244312"}],"version-history":[{"count":0,"href":"https:\/\/archive.sana.sy\/tr\/index.php?rest_route=\/wp\/v2\/posts\/244312\/revisions"}],"wp:featuredmedia":[{"embeddable":true,"href":"https:\/\/archive.sana.sy\/tr\/index.php?rest_route=\/wp\/v2\/media\/244313"}],"wp:attachment":[{"href":"https:\/\/archive.sana.sy\/tr\/index.php?rest_route=%2Fwp%2Fv2%2Fmedia&parent=244312"}],"wp:term":[{"taxonomy":"category","embeddable":true,"href":"https:\/\/archive.sana.sy\/tr\/index.php?rest_route=%2Fwp%2Fv2%2Fcategories&post=244312"},{"taxonomy":"post_tag","embeddable":true,"href":"https:\/\/archive.sana.sy\/tr\/index.php?rest_route=%2Fwp%2Fv2%2Ftags&post=244312"}],"curies":[{"name":"wp","href":"https:\/\/api.w.org\/{rel}","templated":true}]}}