{"id":244315,"date":"2021-10-08T09:36:24","date_gmt":"2021-10-08T06:36:24","guid":{"rendered":"http:\/\/107.6.182.27\/tr\/?p=244315"},"modified":"2021-10-09T07:51:38","modified_gmt":"2021-10-09T04:51:38","slug":"sirbistan-disisleri-bakani-suriye-ile-ekonomik-isbirligini-guclendirmekle-ilgileniyoruz","status":"publish","type":"post","link":"https:\/\/archive.sana.sy\/tr\/?p=244315","title":{"rendered":"S\u0131rbistan D\u0131\u015fi\u015fleri Bakan\u0131: Suriye \u0130le Ekonomik \u0130\u015fbirli\u011fini G\u00fc\u00e7lendirmekle \u0130lgileniyoruz"},"content":{"rendered":"<p>BELGRAD \u2013 S\u0131rbistan D\u0131\u015fi\u015fleri Bakan\u0131 Nikola Silakovi\u00e7, \u00fclkesinin Suriye ile her alanda ikili ili\u015fkileri ilerletme ve g\u00fc\u00e7lendirme arzusunu ve Suriye&#8217;nin egemenli\u011fi, birli\u011fi ve toprak b\u00fct\u00fcnl\u00fc\u011f\u00fcne s\u00fcrekli deste\u011fini teyit etti.<\/p>\n<p>Belgrad&#8217;daki Suriye B\u00fcy\u00fckel\u00e7ili\u011fi Maslahatg\u00fczar Dr. Ammar Awad ile yapt\u0131\u011f\u0131 g\u00f6r\u00fc\u015fmede Silakovi\u00e7, S\u0131rbistan&#8217;\u0131n siyasi diyalo\u011fu yo\u011funla\u015ft\u0131rmaya ve Suriye ile ekonomik i\u015fbirli\u011fini ve ticari al\u0131\u015fveri\u015fi geli\u015ftirmeye ilgisine dikkat \u00e7ekti.<\/p>\n<p>Silakovi\u00e7, Ba\u011flant\u0131s\u0131zlar Hareketi&#8217;nin bu ay Belgrad&#8217;da yap\u0131lacak toplant\u0131s\u0131na Suriye heyetine D\u0131\u015fi\u015fleri ve Gurbet\u00e7iler Bakan\u0131 Dr. Faysal Mikdad&#8217;\u0131n ba\u015fkanl\u0131k etmesini memnuniyetle kar\u015f\u0131lad\u0131.<\/p>\n<p>Suriye ad\u0131na Maslahatg\u00fczar ise, Suriye&#8217;nin iki dost \u00fclke aras\u0131ndaki ili\u015fkileri her alanda geli\u015ftirmek i\u00e7in gerekli her \u015feyi yapmaya haz\u0131r oldu\u011funu ifade etti.<\/p>\n<p>Awad, Belgrad&#8217;\u0131n Ba\u011flant\u0131s\u0131zlar Hareketi&#8217;nin toplant\u0131s\u0131na ev sahipli\u011fi yapmas\u0131n\u0131n S\u0131rbistan&#8217;\u0131n siyasi tercihlerini yans\u0131tt\u0131\u011f\u0131na dikkat \u00e7ekerek, Suriye&#8217;nin S\u0131rbistan&#8217;\u0131n t\u00fcm topraklar\u0131 \u00fczerindeki birli\u011fi ve egemenli\u011fine verdi\u011fi deste\u011fi vurgulad\u0131.<\/p>\n","protected":false},"excerpt":{"rendered":"<p>BELGRAD \u2013 S\u0131rbistan D\u0131\u015fi\u015fleri Bakan\u0131 Nikola Silakovi\u00e7, \u00fclkesinin Suriye ile her alanda ikili ili\u015fkileri ilerletme ve g\u00fc\u00e7lendirme arzusunu ve Suriye&#8217;nin egemenli\u011fi, birli\u011fi ve toprak b\u00fct\u00fcnl\u00fc\u011f\u00fcne s\u00fcrekli deste\u011fini teyit etti. Belgrad&#8217;daki Suriye B\u00fcy\u00fckel\u00e7ili\u011fi Maslahatg\u00fczar Dr. Ammar Awad ile yapt\u0131\u011f\u0131 g\u00f6r\u00fc\u015fmede Silakovi\u00e7, S\u0131rbistan&#8217;\u0131n siyasi diyalo\u011fu yo\u011funla\u015ft\u0131rmaya ve Suriye ile ekonomik i\u015fbirli\u011fini ve ticari al\u0131\u015fveri\u015fi geli\u015ftirmeye ilgisine dikkat &hellip;<\/p>\n","protected":false},"author":36,"featured_media":244316,"comment_status":"closed","ping_status":"closed","sticky":false,"template":"","format":"standard","meta":{"footnotes":""},"categories":[458,459,17988],"tags":[],"class_list":["post-244315","post","type-post","status-publish","format-standard","has-post-thumbnail","","category-dunya1","category-haberler-arap-uluslararasi-politika","category-son-haberler"],"_links":{"self":[{"href":"https:\/\/archive.sana.sy\/tr\/index.php?rest_route=\/wp\/v2\/posts\/244315","targetHints":{"allow":["GET"]}}],"collection":[{"href":"https:\/\/archive.sana.sy\/tr\/index.php?rest_route=\/wp\/v2\/posts"}],"about":[{"href":"https:\/\/archive.sana.sy\/tr\/index.php?rest_route=\/wp\/v2\/types\/post"}],"author":[{"embeddable":true,"href":"https:\/\/archive.sana.sy\/tr\/index.php?rest_route=\/wp\/v2\/users\/36"}],"replies":[{"embeddable":true,"href":"https:\/\/archive.sana.sy\/tr\/index.php?rest_route=%2Fwp%2Fv2%2Fcomments&post=244315"}],"version-history":[{"count":0,"href":"https:\/\/archive.sana.sy\/tr\/index.php?rest_route=\/wp\/v2\/posts\/244315\/revisions"}],"wp:featuredmedia":[{"embeddable":true,"href":"https:\/\/archive.sana.sy\/tr\/index.php?rest_route=\/wp\/v2\/media\/244316"}],"wp:attachment":[{"href":"https:\/\/archive.sana.sy\/tr\/index.php?rest_route=%2Fwp%2Fv2%2Fmedia&parent=244315"}],"wp:term":[{"taxonomy":"category","embeddable":true,"href":"https:\/\/archive.sana.sy\/tr\/index.php?rest_route=%2Fwp%2Fv2%2Fcategories&post=244315"},{"taxonomy":"post_tag","embeddable":true,"href":"https:\/\/archive.sana.sy\/tr\/index.php?rest_route=%2Fwp%2Fv2%2Ftags&post=244315"}],"curies":[{"name":"wp","href":"https:\/\/api.w.org\/{rel}","templated":true}]}}